{"id":17910,"date":"2025-07-20T11:44:17","date_gmt":"2025-07-20T14:44:17","guid":{"rendered":"https:\/\/laserenaradio.cl\/web\/?p=17910"},"modified":"2025-07-20T11:44:17","modified_gmt":"2025-07-20T14:44:17","slug":"javier-etcheberry-renuncio-como-titular-del-servicio-de-impuestos-internos","status":"publish","type":"post","link":"https:\/\/laserenaradio.cl\/web\/2025\/07\/20\/javier-etcheberry-renuncio-como-titular-del-servicio-de-impuestos-internos\/","title":{"rendered":"Javier Etcheberry renunci\u00f3 como titular del Servicio de Impuestos Internos"},"content":{"rendered":"<p>A mediod\u00eda, el anuncio del ministro de Hacienda, Mario Marcel, sobre la renuncia voluntaria y pago completo por parte de Javier Etcheberry de los impuestos adeudados, fue visto como una salida que aliviaba la presi\u00f3n sobre el ingeniero. Pese a todo, Marcel no dio se\u00f1ales claras sobre si estaba confirmado en el cargo.<\/p>\n<p>Fue m\u00e1s tarde, a las 15:00 horas del viernes, cuando Etcheberry se reuni\u00f3 con Marcel y la subsecretaria de Hacienda, Heidi Berner, quien hab\u00eda analizado los antecedentes del director del SII. En dicha cita se le inform\u00f3 que del an\u00e1lisis no se detectaron ilegalidades ni irregularidades en su actuar, pero exist\u00eda un contexto pol\u00edtico que requer\u00eda su renuncia.<\/p>\n<p>Etcheberry (78 a\u00f1os, ingeniero de la Universidad de Chile y PhD de la Universidad de Michigan) no estuvo de acuerdo y pidi\u00f3 hablar con el Presidente Boric. La conversaci\u00f3n ocurri\u00f3 a trav\u00e9s de una llamada telef\u00f3nica, en la cual el mandatario le comunic\u00f3 que su salida era un requisito para la coherencia del debate contributivo.<\/p>\n<p>Tolerancia cero ante impagos<\/p>\n<p>En Palacio y en Teatinos 120, se reconoci\u00f3 que el tema contribuciones tom\u00f3 centro en el debate debido al incremento en los aval\u00faos y las cuotas trimestrales. Se consider\u00f3 necesario coherencia en esta discusi\u00f3n y se lleg\u00f3 a la conclusi\u00f3n de que era delicado tener un director del SII cuestionado por no pagar sus impuestos territoriales.<\/p>\n<p>Adem\u00e1s, desde La Moneda se explic\u00f3 que el mensaje enviado con esta decisi\u00f3n es de &#8220;tolerancia cero&#8221; al impago de contribuciones e impuestos en general. Se destac\u00f3 que ni siquiera el director de Impuestos Internos est\u00e1 ajeno a este criterio, ya que \u00e9l debe cumplir una vara m\u00e1s alta.<\/p>\n<p>En el Congreso, Etcheberry qued\u00f3 con un escaso piso pol\u00edtico, especialmente en la C\u00e1mara de Diputados, donde varios legisladores ped\u00edan su renuncia. La eliminaci\u00f3n de la UF y el fin del tope a la indemnizaci\u00f3n por a\u00f1os de servicio fueron mencionados como ejemplos de actitudes agresivas de los parlamentarios.<\/p>\n<p>Adicionalmente, la candidata oficialista Jeannette Jara solicit\u00f3 p\u00fablicamente la renuncia del titular del SII, lo que fue un factor relevante en la decisi\u00f3n. El Gobierno sopes\u00f3 que la tramitaci\u00f3n de la nueva reforma tributaria podr\u00eda verse afectada al mantener a Etcheberry en el cargo.<\/p>\n<p>Esta serie de eventos y decisiones condujo finalmente a la salida voluntaria de Javier Etcheberry, reflejando un compromiso del gobierno con la coherencia en las pol\u00edticas contributivas.<\/p>\n","protected":false},"excerpt":{"rendered":"<p>A mediod\u00eda, el anuncio del ministro de Hacienda, Mario Marcel, sobre la renuncia voluntaria y pago completo por parte de Javier Etcheberry de los impuestos adeudados, fue visto como una salida que aliviaba la presi\u00f3n sobre el ingeniero. Pese a todo, Marcel no dio se\u00f1ales claras sobre si estaba confirmado en el cargo. Fue m\u00e1s [&hellip;]<\/p>\n","protected":false},"author":2,"featured_media":17909,"comment_status":"closed","ping_status":"open","sticky":false,"template":"","format":"standard","meta":{"_jetpack_memberships_contains_paid_content":false,"jnews-multi-image_gallery":[],"jnews_single_post":[],"jnews_primary_category":[],"jnews_social_meta":[],"jnews_paywall_metabox":[],"jnews_review":[],"enable_review":"","type":"","name":"","summary":"","brand":"","sku":"","good":[],"bad":[],"score_override":"","override_value":"","rating":[],"price":[],"jnews_override_counter":[],"jnews_post_split":[],"footnotes":""},"categories":[21],"tags":[],"class_list":["post-17910","post","type-post","status-publish","format-standard","has-post-thumbnail","hentry","category-nacional"],"jetpack_featured_media_url":"https:\/\/laserenaradio.cl\/web\/wp-content\/uploads\/2025\/07\/homepiaiextractoscrapimg_webprenunciaEtcheberrysobreJavierEtcheberry_1.webp","jetpack_sharing_enabled":true,"_links":{"self":[{"href":"https:\/\/laserenaradio.cl\/web\/wp-json\/wp\/v2\/posts\/17910","targetHints":{"allow":["GET"]}}],"collection":[{"href":"https:\/\/laserenaradio.cl\/web\/wp-json\/wp\/v2\/posts"}],"about":[{"href":"https:\/\/laserenaradio.cl\/web\/wp-json\/wp\/v2\/types\/post"}],"author":[{"embeddable":true,"href":"https:\/\/laserenaradio.cl\/web\/wp-json\/wp\/v2\/users\/2"}],"replies":[{"embeddable":true,"href":"https:\/\/laserenaradio.cl\/web\/wp-json\/wp\/v2\/comments?post=17910"}],"version-history":[{"count":1,"href":"https:\/\/laserenaradio.cl\/web\/wp-json\/wp\/v2\/posts\/17910\/revisions"}],"predecessor-version":[{"id":17911,"href":"https:\/\/laserenaradio.cl\/web\/wp-json\/wp\/v2\/posts\/17910\/revisions\/17911"}],"wp:featuredmedia":[{"embeddable":true,"href":"https:\/\/laserenaradio.cl\/web\/wp-json\/wp\/v2\/media\/17909"}],"wp:attachment":[{"href":"https:\/\/laserenaradio.cl\/web\/wp-json\/wp\/v2\/media?parent=17910"}],"wp:term":[{"taxonomy":"category","embeddable":true,"href":"https:\/\/laserenaradio.cl\/web\/wp-json\/wp\/v2\/categories?post=17910"},{"taxonomy":"post_tag","embeddable":true,"href":"https:\/\/laserenaradio.cl\/web\/wp-json\/wp\/v2\/tags?post=17910"}],"curies":[{"name":"wp","href":"https:\/\/api.w.org\/{rel}","templated":true}]}}