{"id":17883,"date":"2025-07-19T17:01:51","date_gmt":"2025-07-19T20:01:51","guid":{"rendered":"https:\/\/laserenaradio.cl\/web\/?p=17883"},"modified":"2025-07-19T17:01:51","modified_gmt":"2025-07-19T20:01:51","slug":"la-roja-cae-ante-argentina-con-un-golpe-de-cabeza-a-los-90","status":"publish","type":"post","link":"https:\/\/laserenaradio.cl\/web\/2025\/07\/19\/la-roja-cae-ante-argentina-con-un-golpe-de-cabeza-a-los-90\/","title":{"rendered":"La Roja cae ante Argentina con un golpe de cabeza a los 90&#8242;."},"content":{"rendered":"<p>Balde de agua fr\u00eda. La selecci\u00f3n de f\u00fatbol femenina de Chile cay\u00f3 2-1 ante su similar de Argentina, en un duelo de la tercera fecha de la fase grupal de la Copa Am\u00e9rica femenina celebrada en Ecuador.<\/p>\n<p>La Roja empez\u00f3 sorprendiendo. Vaitiare Pardo, a los 12 minutos, super\u00f3 la resistencia de la arquera Solana Pereyra con un buen derechazo y abri\u00f3 la cuenta para las dirigidas por Luis Mena.<\/p>\n<p>Tras este gol, la delantera chilena qued\u00f3 mano a mano con Pereyra luego de que Karen Araya peleara un bal\u00f3n con la zaga trasandina. El primer tiempo fue casi perfecto para el equipo nacional.<\/p>\n<p>Sin embargo, en la segunda mitad la escuadra nacional sali\u00f3 a cuidar el resultado y a intentar hacer da\u00f1o por contragolpe. Argentina, sin embargo, despert\u00f3 para llevarse la victoria con dos cabezazos: el de Daiana Falf\u00e1n, a los 75 minutos, y el de Aldana Cometti a los 90.<\/p>\n<p>En los descuentos, a los 90+4, fue expulsada Yenny Acu\u00f1a en La Roja. Con esto, Argentina lleg\u00f3 a seis puntos y lidera el grupo A de la competencia. La Albiceleste sigue siendo puntera seguida de Ecuador y Uruguay, con cuatro unidades cada una, y Chile, que suma tres tras vencer a Per\u00fa en su debut.<\/p>\n","protected":false},"excerpt":{"rendered":"<p>Balde de agua fr\u00eda. La selecci\u00f3n de f\u00fatbol femenina de Chile cay\u00f3 2-1 ante su similar de Argentina, en un duelo de la tercera fecha de la fase grupal de la Copa Am\u00e9rica femenina celebrada en Ecuador. La Roja empez\u00f3 sorprendiendo. Vaitiare Pardo, a los 12 minutos, super\u00f3 la resistencia de la arquera Solana Pereyra [&hellip;]<\/p>\n","protected":false},"author":2,"featured_media":17882,"comment_status":"closed","ping_status":"open","sticky":false,"template":"","format":"standard","meta":{"_jetpack_memberships_contains_paid_content":false,"jnews-multi-image_gallery":[],"jnews_single_post":[],"jnews_primary_category":[],"jnews_social_meta":[],"jnews_paywall_metabox":[],"jnews_review":[],"enable_review":"","type":"","name":"","summary":"","brand":"","sku":"","good":[],"bad":[],"score_override":"","override_value":"","rating":[],"price":[],"jnews_override_counter":[],"jnews_post_split":[],"footnotes":""},"categories":[84],"tags":[],"class_list":["post-17883","post","type-post","status-publish","format-standard","has-post-thumbnail","hentry","category-deportes"],"jetpack_featured_media_url":"https:\/\/laserenaradio.cl\/web\/wp-content\/uploads\/2025\/07\/homepiaiextractoscrapimg_webpRojaArgentina_0.webp","jetpack_sharing_enabled":true,"_links":{"self":[{"href":"https:\/\/laserenaradio.cl\/web\/wp-json\/wp\/v2\/posts\/17883","targetHints":{"allow":["GET"]}}],"collection":[{"href":"https:\/\/laserenaradio.cl\/web\/wp-json\/wp\/v2\/posts"}],"about":[{"href":"https:\/\/laserenaradio.cl\/web\/wp-json\/wp\/v2\/types\/post"}],"author":[{"embeddable":true,"href":"https:\/\/laserenaradio.cl\/web\/wp-json\/wp\/v2\/users\/2"}],"replies":[{"embeddable":true,"href":"https:\/\/laserenaradio.cl\/web\/wp-json\/wp\/v2\/comments?post=17883"}],"version-history":[{"count":1,"href":"https:\/\/laserenaradio.cl\/web\/wp-json\/wp\/v2\/posts\/17883\/revisions"}],"predecessor-version":[{"id":17884,"href":"https:\/\/laserenaradio.cl\/web\/wp-json\/wp\/v2\/posts\/17883\/revisions\/17884"}],"wp:featuredmedia":[{"embeddable":true,"href":"https:\/\/laserenaradio.cl\/web\/wp-json\/wp\/v2\/media\/17882"}],"wp:attachment":[{"href":"https:\/\/laserenaradio.cl\/web\/wp-json\/wp\/v2\/media?parent=17883"}],"wp:term":[{"taxonomy":"category","embeddable":true,"href":"https:\/\/laserenaradio.cl\/web\/wp-json\/wp\/v2\/categories?post=17883"},{"taxonomy":"post_tag","embeddable":true,"href":"https:\/\/laserenaradio.cl\/web\/wp-json\/wp\/v2\/tags?post=17883"}],"curies":[{"name":"wp","href":"https:\/\/api.w.org\/{rel}","templated":true}]}}