{"id":17880,"date":"2025-07-19T16:59:40","date_gmt":"2025-07-19T19:59:40","guid":{"rendered":"https:\/\/laserenaradio.cl\/web\/?p=17880"},"modified":"2025-07-19T16:59:40","modified_gmt":"2025-07-19T19:59:40","slug":"homicidio-en-san-bernardo-un-hombre-de-48-anos-fue-atacado-y-asesinado-afuera-de-su-casa","status":"publish","type":"post","link":"https:\/\/laserenaradio.cl\/web\/2025\/07\/19\/homicidio-en-san-bernardo-un-hombre-de-48-anos-fue-atacado-y-asesinado-afuera-de-su-casa\/","title":{"rendered":"Homicidio en San Bernardo: un hombre de 48 a\u00f1os fue atacado y asesinado afuera de su casa."},"content":{"rendered":"<p>Un homicidio se registr\u00f3 en San Bernardo, Regi\u00f3n Metropolitana, durante la noche del viernes. Seg\u00fan informes policiales, una persona desconocida atac\u00f3 a un ciudadano chileno de 48 a\u00f1os, sin antecedentes penales, afuera de su casa con m\u00faltiples disparos.<\/p>\n<p>&#8220;La v\u00edctima se encontraba fuera de su domicilio cuando recibi\u00f3 diversos impactos (de bala) por parte del agresor que lleg\u00f3 caminando y utiliz\u00f3 un arma de fuego&#8221;, explic\u00f3 el fiscal Eduardo Pontigo, quien dirige el Equipo contra el Crimen Organizado y Homicidios.<\/p>\n<p>Tras el ataque, los familiares acercaron a la v\u00edctima al Hospital El Pino de San Bernardo. Los m\u00e9dicos confirmaron su fallecimiento en las instalaciones del centro asistencial.<\/p>\n<p>La <a href=\"https:\/\/www.fiscaliadechile.cl\/\">Fiscal\u00eda<\/a> instruy\u00f3 a la Brigada de Homicidios Sur de la Polic\u00eda de Investigaciones (<a href=\"https:\/\/www.pdichile.cl\/\">PDI<\/a>) para llevar a cabo la investigaci\u00f3n correspondiente.<\/p>\n","protected":false},"excerpt":{"rendered":"<p>Un homicidio se registr\u00f3 en San Bernardo, Regi\u00f3n Metropolitana, durante la noche del viernes. Seg\u00fan informes policiales, una persona desconocida atac\u00f3 a un ciudadano chileno de 48 a\u00f1os, sin antecedentes penales, afuera de su casa con m\u00faltiples disparos. &#8220;La v\u00edctima se encontraba fuera de su domicilio cuando recibi\u00f3 diversos impactos (de bala) por parte del [&hellip;]<\/p>\n","protected":false},"author":2,"featured_media":17879,"comment_status":"closed","ping_status":"open","sticky":false,"template":"","format":"standard","meta":{"_jetpack_memberships_contains_paid_content":false,"jnews-multi-image_gallery":[],"jnews_single_post":[],"jnews_primary_category":[],"jnews_social_meta":[],"jnews_paywall_metabox":[],"jnews_review":[],"enable_review":"","type":"","name":"","summary":"","brand":"","sku":"","good":[],"bad":[],"score_override":"","override_value":"","rating":[],"price":[],"jnews_override_counter":[],"jnews_post_split":[],"footnotes":""},"categories":[21],"tags":[],"class_list":["post-17880","post","type-post","status-publish","format-standard","has-post-thumbnail","hentry","category-nacional"],"jetpack_featured_media_url":"https:\/\/laserenaradio.cl\/web\/wp-content\/uploads\/2025\/07\/homepiaiextractoscrapimg_webpSanBernardoafueracasahomicidio_1.webp","jetpack_sharing_enabled":true,"_links":{"self":[{"href":"https:\/\/laserenaradio.cl\/web\/wp-json\/wp\/v2\/posts\/17880","targetHints":{"allow":["GET"]}}],"collection":[{"href":"https:\/\/laserenaradio.cl\/web\/wp-json\/wp\/v2\/posts"}],"about":[{"href":"https:\/\/laserenaradio.cl\/web\/wp-json\/wp\/v2\/types\/post"}],"author":[{"embeddable":true,"href":"https:\/\/laserenaradio.cl\/web\/wp-json\/wp\/v2\/users\/2"}],"replies":[{"embeddable":true,"href":"https:\/\/laserenaradio.cl\/web\/wp-json\/wp\/v2\/comments?post=17880"}],"version-history":[{"count":1,"href":"https:\/\/laserenaradio.cl\/web\/wp-json\/wp\/v2\/posts\/17880\/revisions"}],"predecessor-version":[{"id":17881,"href":"https:\/\/laserenaradio.cl\/web\/wp-json\/wp\/v2\/posts\/17880\/revisions\/17881"}],"wp:featuredmedia":[{"embeddable":true,"href":"https:\/\/laserenaradio.cl\/web\/wp-json\/wp\/v2\/media\/17879"}],"wp:attachment":[{"href":"https:\/\/laserenaradio.cl\/web\/wp-json\/wp\/v2\/media?parent=17880"}],"wp:term":[{"taxonomy":"category","embeddable":true,"href":"https:\/\/laserenaradio.cl\/web\/wp-json\/wp\/v2\/categories?post=17880"},{"taxonomy":"post_tag","embeddable":true,"href":"https:\/\/laserenaradio.cl\/web\/wp-json\/wp\/v2\/tags?post=17880"}],"curies":[{"name":"wp","href":"https:\/\/api.w.org\/{rel}","templated":true}]}}