{"id":17877,"date":"2025-07-19T16:54:34","date_gmt":"2025-07-19T19:54:34","guid":{"rendered":"https:\/\/laserenaradio.cl\/web\/?p=17877"},"modified":"2025-07-19T16:54:34","modified_gmt":"2025-07-19T19:54:34","slug":"bomberos-de-la-serena-mantienen-alerta-ante-fugas-de-gas-en-jardines-infantiles","status":"publish","type":"post","link":"https:\/\/laserenaradio.cl\/web\/2025\/07\/19\/bomberos-de-la-serena-mantienen-alerta-ante-fugas-de-gas-en-jardines-infantiles\/","title":{"rendered":"Bomberos de La Serena mantienen alerta ante fugas de gas en jardines infantiles."},"content":{"rendered":"<p>Los bomberos de La Serena mantienen alerta ante incremento de fugas de gas en jardines infantiles, destacando la importancia de medidas preventivas. \u00c1ngelo Pizarro, superintendente del cuerpo de <a href=\"https:\/\/www.bomberos.cl\/\">Bomberos<\/a>, reconoci\u00f3 emergencias recientes relacionadas con el gas licuado y sulfh\u00eddrico. Pizarro explic\u00f3 que las fugas de gas licuado son complejas y requieren inmediata evacuaci\u00f3n, con protocolos espec\u00edficos para controlar la situaci\u00f3n.<\/p>\n<p>El tipo de fuga m\u00e1s grave involucra gases inflamables que pueden ser explosivos, asever\u00f3 el superintendente. La recurrencia de emergencias en jardines infantiles es atribuida a malas pr\u00e1cticas y deficiente construcci\u00f3n, seg\u00fan Marco Antonio \u00c1vila, director regional de la <a href=\"http:\/\/www.junji.gob.cl\/\">JUNJI<\/a>.<\/p>\n<p>\u00c1vila indic\u00f3 que la direcci\u00f3n regional chequea con empresas asociadas, como electricidad, gas y agua. Para las situaciones cr\u00edticas, se suspensionan actividades para proteger a los ni\u00f1os y se busca colaboraci\u00f3n con superintendencias.<\/p>\n<p>Pablo Herrera D\u00edaz de <a href=\"https:\/\/www.integra.cl\/\">Fundaci\u00f3n Integra<\/a> enfatiz\u00f3 que sus jardines infantiles cuentan con medidas preventivas como Sello Verde SEC e actualizados Planes Integrales de Seguridad Escolar (PISE). Estos contemplan protocolos para evacuaci\u00f3n y llamado a bomberos, priorizando el bienestar de las comunidades educativas.<\/p>\n","protected":false},"excerpt":{"rendered":"<p>Los bomberos de La Serena mantienen alerta ante incremento de fugas de gas en jardines infantiles, destacando la importancia de medidas preventivas. \u00c1ngelo Pizarro, superintendente del cuerpo de Bomberos, reconoci\u00f3 emergencias recientes relacionadas con el gas licuado y sulfh\u00eddrico. Pizarro explic\u00f3 que las fugas de gas licuado son complejas y requieren inmediata evacuaci\u00f3n, con protocolos [&hellip;]<\/p>\n","protected":false},"author":2,"featured_media":17876,"comment_status":"closed","ping_status":"open","sticky":false,"template":"","format":"standard","meta":{"_jetpack_memberships_contains_paid_content":false,"jnews-multi-image_gallery":[],"jnews_single_post":[],"jnews_primary_category":[],"jnews_social_meta":[],"jnews_paywall_metabox":[],"jnews_review":[],"enable_review":"","type":"","name":"","summary":"","brand":"","sku":"","good":[],"bad":[],"score_override":"","override_value":"","rating":[],"price":[],"jnews_override_counter":[],"jnews_post_split":[],"footnotes":""},"categories":[21],"tags":[],"class_list":["post-17877","post","type-post","status-publish","format-standard","has-post-thumbnail","hentry","category-nacional"],"jetpack_featured_media_url":"https:\/\/laserenaradio.cl\/web\/wp-content\/uploads\/2025\/07\/homepiaiextractoscrapimg_webpBomberosSerena_0.webp","jetpack_sharing_enabled":true,"_links":{"self":[{"href":"https:\/\/laserenaradio.cl\/web\/wp-json\/wp\/v2\/posts\/17877","targetHints":{"allow":["GET"]}}],"collection":[{"href":"https:\/\/laserenaradio.cl\/web\/wp-json\/wp\/v2\/posts"}],"about":[{"href":"https:\/\/laserenaradio.cl\/web\/wp-json\/wp\/v2\/types\/post"}],"author":[{"embeddable":true,"href":"https:\/\/laserenaradio.cl\/web\/wp-json\/wp\/v2\/users\/2"}],"replies":[{"embeddable":true,"href":"https:\/\/laserenaradio.cl\/web\/wp-json\/wp\/v2\/comments?post=17877"}],"version-history":[{"count":1,"href":"https:\/\/laserenaradio.cl\/web\/wp-json\/wp\/v2\/posts\/17877\/revisions"}],"predecessor-version":[{"id":17878,"href":"https:\/\/laserenaradio.cl\/web\/wp-json\/wp\/v2\/posts\/17877\/revisions\/17878"}],"wp:featuredmedia":[{"embeddable":true,"href":"https:\/\/laserenaradio.cl\/web\/wp-json\/wp\/v2\/media\/17876"}],"wp:attachment":[{"href":"https:\/\/laserenaradio.cl\/web\/wp-json\/wp\/v2\/media?parent=17877"}],"wp:term":[{"taxonomy":"category","embeddable":true,"href":"https:\/\/laserenaradio.cl\/web\/wp-json\/wp\/v2\/categories?post=17877"},{"taxonomy":"post_tag","embeddable":true,"href":"https:\/\/laserenaradio.cl\/web\/wp-json\/wp\/v2\/tags?post=17877"}],"curies":[{"name":"wp","href":"https:\/\/api.w.org\/{rel}","templated":true}]}}