{"id":17871,"date":"2025-07-19T16:46:40","date_gmt":"2025-07-19T19:46:40","guid":{"rendered":"https:\/\/laserenaradio.cl\/web\/?p=17871"},"modified":"2025-07-19T16:46:40","modified_gmt":"2025-07-19T19:46:40","slug":"union-espanola-derrota-a-union-la-calera-por-3-1","status":"publish","type":"post","link":"https:\/\/laserenaradio.cl\/web\/2025\/07\/19\/union-espanola-derrota-a-union-la-calera-por-3-1\/","title":{"rendered":"Uni\u00f3n Espa\u00f1ola derrota a Uni\u00f3n La Calera por 3-1."},"content":{"rendered":"<p>Un triunfo lleno de vida es el que abroch\u00f3 Uni\u00f3n Espa\u00f1ola ante Uni\u00f3n La Calera (3-1) este s\u00e1bado en la decimosexta fecha de la Liga de Primera 2025. Si bien la visita hizo sorprender temprano con el gol de su nuevo refuerzo, Leandro Benegas, la segunda parte se ti\u00f1\u00f3 de rojo en Santa Laura.<\/p>\n<p>Tras el regreso desde los vestuarios, fue Kevin Contreras quien, tras un centro de Bruno J\u00e1uregui que deambul\u00f3 por \u00e1rea calerana, puso la igualdad para los de Miguel Ram\u00edrez. En un duelo que parec\u00eda adverso, los hispanos crecieron en su cancha y a\u00fan m\u00e1s, por la expulsi\u00f3n de Nahuel Brunet al 65\u2032.<\/p>\n<p>Cuatro minutos despu\u00e9s de dicha incidencia, Ignacio Jeraldino apareci\u00f3 para encarrillar el partido a favor de Uni\u00f3n Espa\u00f1ola. El exdelantero de Audax no anotaba desde el 3 de junio, y en esta ocasi\u00f3n &#8220;se sac\u00f3 la mufa&#8221;. A falta de diez minutos para el final, aument\u00f3 la cuenta Pablo Ar\u00e1nguiz, quien le rompi\u00f3 el arco al portero rival Jorge Pe\u00f1a con un fuerte remate tras una gran jugada personal.<\/p>\n<p>Con su triunfo, Uni\u00f3n Espa\u00f1ola se abraz\u00f3 en el plano local tras tres meses y sum\u00f3 10 unidades que lo mantienen en el pen\u00faltimo puesto de la Liga de Primera. Eso s\u00ed, a cuatro de distancia del antepen\u00faltimo Deportes Limache. Por su parte, Uni\u00f3n La Calera sali\u00f3 de la zona de copas internacionales al quedar octavos, con 22 unidades.<\/p>\n<p>En la pr\u00f3xima fecha, los de Independencia visitar\u00e1n el pr\u00f3ximo domingo, desde las 15:00, a Palestino. Los de Walter Lemma, en tanto, recibir\u00e1n el lunes 28 de julio a La U.<\/p>\n","protected":false},"excerpt":{"rendered":"<p>Un triunfo lleno de vida es el que abroch\u00f3 Uni\u00f3n Espa\u00f1ola ante Uni\u00f3n La Calera (3-1) este s\u00e1bado en la decimosexta fecha de la Liga de Primera 2025. Si bien la visita hizo sorprender temprano con el gol de su nuevo refuerzo, Leandro Benegas, la segunda parte se ti\u00f1\u00f3 de rojo en Santa Laura. Tras [&hellip;]<\/p>\n","protected":false},"author":2,"featured_media":17870,"comment_status":"closed","ping_status":"open","sticky":false,"template":"","format":"standard","meta":{"_jetpack_memberships_contains_paid_content":false,"jnews-multi-image_gallery":[],"jnews_single_post":[],"jnews_primary_category":[],"jnews_social_meta":[],"jnews_paywall_metabox":[],"jnews_review":[],"enable_review":"","type":"","name":"","summary":"","brand":"","sku":"","good":[],"bad":[],"score_override":"","override_value":"","rating":[],"price":[],"jnews_override_counter":[],"jnews_post_split":[],"footnotes":""},"categories":[84],"tags":[],"class_list":["post-17871","post","type-post","status-publish","format-standard","has-post-thumbnail","hentry","category-deportes"],"jetpack_featured_media_url":"https:\/\/laserenaradio.cl\/web\/wp-content\/uploads\/2025\/07\/homepiaiextractoscrapimg_predeterminadalaserenaradio_deportes-11.webp","jetpack_sharing_enabled":true,"_links":{"self":[{"href":"https:\/\/laserenaradio.cl\/web\/wp-json\/wp\/v2\/posts\/17871","targetHints":{"allow":["GET"]}}],"collection":[{"href":"https:\/\/laserenaradio.cl\/web\/wp-json\/wp\/v2\/posts"}],"about":[{"href":"https:\/\/laserenaradio.cl\/web\/wp-json\/wp\/v2\/types\/post"}],"author":[{"embeddable":true,"href":"https:\/\/laserenaradio.cl\/web\/wp-json\/wp\/v2\/users\/2"}],"replies":[{"embeddable":true,"href":"https:\/\/laserenaradio.cl\/web\/wp-json\/wp\/v2\/comments?post=17871"}],"version-history":[{"count":1,"href":"https:\/\/laserenaradio.cl\/web\/wp-json\/wp\/v2\/posts\/17871\/revisions"}],"predecessor-version":[{"id":17872,"href":"https:\/\/laserenaradio.cl\/web\/wp-json\/wp\/v2\/posts\/17871\/revisions\/17872"}],"wp:featuredmedia":[{"embeddable":true,"href":"https:\/\/laserenaradio.cl\/web\/wp-json\/wp\/v2\/media\/17870"}],"wp:attachment":[{"href":"https:\/\/laserenaradio.cl\/web\/wp-json\/wp\/v2\/media?parent=17871"}],"wp:term":[{"taxonomy":"category","embeddable":true,"href":"https:\/\/laserenaradio.cl\/web\/wp-json\/wp\/v2\/categories?post=17871"},{"taxonomy":"post_tag","embeddable":true,"href":"https:\/\/laserenaradio.cl\/web\/wp-json\/wp\/v2\/tags?post=17871"}],"curies":[{"name":"wp","href":"https:\/\/api.w.org\/{rel}","templated":true}]}}