{"id":17856,"date":"2025-07-18T19:34:45","date_gmt":"2025-07-18T22:34:45","guid":{"rendered":"https:\/\/laserenaradio.cl\/web\/?p=17856"},"modified":"2025-07-18T19:34:45","modified_gmt":"2025-07-18T22:34:45","slug":"metro-de-santiago-reduce-comercio-ilegal-un-90-tras-medidas-de-seguridad","status":"publish","type":"post","link":"https:\/\/laserenaradio.cl\/web\/2025\/07\/18\/metro-de-santiago-reduce-comercio-ilegal-un-90-tras-medidas-de-seguridad\/","title":{"rendered":"Metro de Santiago reduce comercio ilegal un 90% tras medidas de seguridad."},"content":{"rendered":"<p>A un mes de implementar la prohibici\u00f3n de ingreso de carros de supermercado y \u201cyeguas\u201d dentro de su red, Metro de Santiago asegur\u00f3 que redujo en un 90% el comercio ilegal en sus estaciones foco. Seg\u00fan report\u00f3 la empresa, esta medida logr\u00f3 disminuir las visualizaciones de venta informal en las 13 estaciones prioritarias.<\/p>\n<p>Adem\u00e1s, las neutralizaciones sobre este tipo de actividades aumentaron en un 32%, debido al refuerzo de patrullajes y la coordinaci\u00f3n con <a href=\"https:\/\/www.carabineros.cl\/\">Carabineros<\/a>, quienes realizaron m\u00e1s de 90 controles, 22 decomisos y multas cursadas. <\/p>\n<p>El presidente de Metro, Guillermo Mu\u00f1oz, valor\u00f3 la medida, ya que &#8220;ha demostrado ser efectiva, pero sabemos que el comercio ilegal se adapta, por eso seguiremos reforzando los patrullajes y la coordinaci\u00f3n con las autoridades&#8221;.<\/p>\n<p>Por su parte, el ministro de Transportes y Telecomunicaciones, Juan Carlos Mu\u00f1oz, calific\u00f3 los resultados preliminares como &#8220;satisfactorios&#8221;, y resalt\u00f3 que adem\u00e1s hubo un 25% menos de detecci\u00f3n de venta de productos informales en toda la red y aumento del 32% en los operativos.<\/p>\n<p>Sin embargo, pese a las medidas implementadas, recientemente se han registrado hechos de violencia que demuestran que el desaf\u00edo en seguridad a\u00fan persiste. <\/p>\n<p>De acuerdo al tren subterr\u00e1neo, el plan valorado en m\u00e1s de $95 mil millones en inversi\u00f3n, ha incorporado 2.000 efectivos de seguridad, nuevas tecnolog\u00edas video anal\u00edticas con inteligencia artificial, c\u00e1maras corporales, puertas antivand\u00e1licas en toda la red y diferentes convenios con municipios y otros organismos del Estado.<\/p>\n<p>Los resultados de esta implementaci\u00f3n han reducido las estaciones consideradas cr\u00edticas de 16 a 12, logrando una mejora en Estaci\u00f3n Central, Vespucio Norte y Universidad de Chile. Metro tambi\u00e9n destac\u00f3 el proyecto de ley presentado por un grupo transversal de diputados y diputadas, que busca fortalecer el marco legal y otorgar mayores atribuciones a su personal de seguridad.<\/p>\n<p>Actualmente, el proyecto est\u00e1 en primer tr\u00e1mite constitucional en la Comisi\u00f3n de Seguridad Ciudadana de la C\u00e1mara, la iniciativa se centra en cuatro ejes: Tipificaci\u00f3n penal de conductas graves: Sanciona con presidio menor (61 a 540 d\u00edas) a quienes interrumpan la operaci\u00f3n o da\u00f1en vagones e infraestructura cr\u00edtica del Metro.<\/p>\n","protected":false},"excerpt":{"rendered":"<p>A un mes de implementar la prohibici\u00f3n de ingreso de carros de supermercado y \u201cyeguas\u201d dentro de su red, Metro de Santiago asegur\u00f3 que redujo en un 90% el comercio ilegal en sus estaciones foco. Seg\u00fan report\u00f3 la empresa, esta medida logr\u00f3 disminuir las visualizaciones de venta informal en las 13 estaciones prioritarias. Adem\u00e1s, las [&hellip;]<\/p>\n","protected":false},"author":2,"featured_media":17855,"comment_status":"closed","ping_status":"open","sticky":false,"template":"","format":"standard","meta":{"_jetpack_memberships_contains_paid_content":false,"jnews-multi-image_gallery":[],"jnews_single_post":[],"jnews_primary_category":[],"jnews_social_meta":[],"jnews_paywall_metabox":[],"jnews_review":[],"enable_review":"","type":"","name":"","summary":"","brand":"","sku":"","good":[],"bad":[],"score_override":"","override_value":"","rating":[],"price":[],"jnews_override_counter":[],"jnews_post_split":[],"footnotes":""},"categories":[21],"tags":[],"class_list":["post-17856","post","type-post","status-publish","format-standard","has-post-thumbnail","hentry","category-nacional"],"jetpack_featured_media_url":"https:\/\/laserenaradio.cl\/web\/wp-content\/uploads\/2025\/07\/homepiaiextractoscrapimg_webpMetroseguridadredcomercio_1.webp","jetpack_sharing_enabled":true,"_links":{"self":[{"href":"https:\/\/laserenaradio.cl\/web\/wp-json\/wp\/v2\/posts\/17856","targetHints":{"allow":["GET"]}}],"collection":[{"href":"https:\/\/laserenaradio.cl\/web\/wp-json\/wp\/v2\/posts"}],"about":[{"href":"https:\/\/laserenaradio.cl\/web\/wp-json\/wp\/v2\/types\/post"}],"author":[{"embeddable":true,"href":"https:\/\/laserenaradio.cl\/web\/wp-json\/wp\/v2\/users\/2"}],"replies":[{"embeddable":true,"href":"https:\/\/laserenaradio.cl\/web\/wp-json\/wp\/v2\/comments?post=17856"}],"version-history":[{"count":1,"href":"https:\/\/laserenaradio.cl\/web\/wp-json\/wp\/v2\/posts\/17856\/revisions"}],"predecessor-version":[{"id":17857,"href":"https:\/\/laserenaradio.cl\/web\/wp-json\/wp\/v2\/posts\/17856\/revisions\/17857"}],"wp:featuredmedia":[{"embeddable":true,"href":"https:\/\/laserenaradio.cl\/web\/wp-json\/wp\/v2\/media\/17855"}],"wp:attachment":[{"href":"https:\/\/laserenaradio.cl\/web\/wp-json\/wp\/v2\/media?parent=17856"}],"wp:term":[{"taxonomy":"category","embeddable":true,"href":"https:\/\/laserenaradio.cl\/web\/wp-json\/wp\/v2\/categories?post=17856"},{"taxonomy":"post_tag","embeddable":true,"href":"https:\/\/laserenaradio.cl\/web\/wp-json\/wp\/v2\/tags?post=17856"}],"curies":[{"name":"wp","href":"https:\/\/api.w.org\/{rel}","templated":true}]}}