{"id":17844,"date":"2025-07-18T13:41:36","date_gmt":"2025-07-18T16:41:36","guid":{"rendered":"https:\/\/laserenaradio.cl\/web\/?p=17844"},"modified":"2025-07-18T13:41:36","modified_gmt":"2025-07-18T16:41:36","slug":"universidad-de-chile-sera-sancionada-por-faltas-disciplinarias","status":"publish","type":"post","link":"https:\/\/laserenaradio.cl\/web\/2025\/07\/18\/universidad-de-chile-sera-sancionada-por-faltas-disciplinarias\/","title":{"rendered":"Universidad de Chile ser\u00e1 sancionada por faltas disciplinarias."},"content":{"rendered":"<p>Piero Maza, \u00e1rbitro del \u00faltimo Supercl\u00e1sico entre Universidad de Chile y Colo Colo, modific\u00f3 su informe presentado a la ANFP para endurecer sus observaciones contra La U. En un principio, el juez solo hab\u00eda notificado como \u201cobservaciones\u201d los gestos obscenos del delantero albo Lucas Cepeda, quien abandon\u00f3 el terreno de juego realizando ademanes a hinchas azules.<\/p>\n<p>Pero ahora, seg\u00fan se lee en el documento, Maza a\u00f1adi\u00f3 tres puntos en los que notifica sobre faltas realizadas por jugadores de Universidad de Chile y el propio cuadro estudiantil. En el primero de ellos, el \u00e1rbitro apunta contra cuatro futbolistas de La U: &#8220;Los jugadores Fabi\u00e1n Hormaz\u00e1bal, Charles Ar\u00e1nguiz, Marcelo D\u00edaz y Gonzalo Montes lucen medias blancas debajo de las medias azules designadas, incumpliendo con las bases del torneo y el Manual de Competiciones&#8221;.<\/p>\n<p>Luego, Piero Maza notific\u00f3 que &#8220;al finalizar el partido, un grupo de jugadores no citados de Universidad de Chile ingresan a zona de exclusi\u00f3n y permanecen en cancha, a pesar de los avisos previos y de los indicados en las bases. Misma situaci\u00f3n ocurre con tres menores de edad&#8221;.<\/p>\n<p>Para cerrar su actualizado informe, el silbante detall\u00f3 que &#8220;U. de Chile no cumple con el protocolo de inicio y no ingresa al campo de juego por el t\u00fanel central como indican las bases ni como se indic\u00f3 en reuni\u00f3n de coordinaci\u00f3n&#8221;. Por lo anterior, y seg\u00fan detalla AS, es que el cuadro azul fue citado al Tribunal de Disciplina de la ANFP el pr\u00f3ximo 22 de julio.<\/p>\n","protected":false},"excerpt":{"rendered":"<p>Piero Maza, \u00e1rbitro del \u00faltimo Supercl\u00e1sico entre Universidad de Chile y Colo Colo, modific\u00f3 su informe presentado a la ANFP para endurecer sus observaciones contra La U. En un principio, el juez solo hab\u00eda notificado como \u201cobservaciones\u201d los gestos obscenos del delantero albo Lucas Cepeda, quien abandon\u00f3 el terreno de juego realizando ademanes a hinchas [&hellip;]<\/p>\n","protected":false},"author":2,"featured_media":17843,"comment_status":"closed","ping_status":"open","sticky":false,"template":"","format":"standard","meta":{"_jetpack_memberships_contains_paid_content":false,"jnews-multi-image_gallery":[],"jnews_single_post":[],"jnews_primary_category":[],"jnews_social_meta":[],"jnews_paywall_metabox":[],"jnews_review":[],"enable_review":"","type":"","name":"","summary":"","brand":"","sku":"","good":[],"bad":[],"score_override":"","override_value":"","rating":[],"price":[],"jnews_override_counter":[],"jnews_post_split":[],"footnotes":""},"categories":[84],"tags":[],"class_list":["post-17844","post","type-post","status-publish","format-standard","has-post-thumbnail","hentry","category-deportes"],"jetpack_featured_media_url":"https:\/\/laserenaradio.cl\/web\/wp-content\/uploads\/2025\/07\/homepiaiextractoscrapimg_predeterminadalaserenaradio_deportes-9.webp","jetpack_sharing_enabled":true,"_links":{"self":[{"href":"https:\/\/laserenaradio.cl\/web\/wp-json\/wp\/v2\/posts\/17844","targetHints":{"allow":["GET"]}}],"collection":[{"href":"https:\/\/laserenaradio.cl\/web\/wp-json\/wp\/v2\/posts"}],"about":[{"href":"https:\/\/laserenaradio.cl\/web\/wp-json\/wp\/v2\/types\/post"}],"author":[{"embeddable":true,"href":"https:\/\/laserenaradio.cl\/web\/wp-json\/wp\/v2\/users\/2"}],"replies":[{"embeddable":true,"href":"https:\/\/laserenaradio.cl\/web\/wp-json\/wp\/v2\/comments?post=17844"}],"version-history":[{"count":1,"href":"https:\/\/laserenaradio.cl\/web\/wp-json\/wp\/v2\/posts\/17844\/revisions"}],"predecessor-version":[{"id":17845,"href":"https:\/\/laserenaradio.cl\/web\/wp-json\/wp\/v2\/posts\/17844\/revisions\/17845"}],"wp:featuredmedia":[{"embeddable":true,"href":"https:\/\/laserenaradio.cl\/web\/wp-json\/wp\/v2\/media\/17843"}],"wp:attachment":[{"href":"https:\/\/laserenaradio.cl\/web\/wp-json\/wp\/v2\/media?parent=17844"}],"wp:term":[{"taxonomy":"category","embeddable":true,"href":"https:\/\/laserenaradio.cl\/web\/wp-json\/wp\/v2\/categories?post=17844"},{"taxonomy":"post_tag","embeddable":true,"href":"https:\/\/laserenaradio.cl\/web\/wp-json\/wp\/v2\/tags?post=17844"}],"curies":[{"name":"wp","href":"https:\/\/api.w.org\/{rel}","templated":true}]}}