{"id":17838,"date":"2025-07-18T10:18:27","date_gmt":"2025-07-18T13:18:27","guid":{"rendered":"https:\/\/laserenaradio.cl\/web\/?p=17838"},"modified":"2025-07-18T10:18:27","modified_gmt":"2025-07-18T13:18:27","slug":"alerta-internacional-por-sicario-venezolano-liberado-de-forma-irregular","status":"publish","type":"post","link":"https:\/\/laserenaradio.cl\/web\/2025\/07\/18\/alerta-internacional-por-sicario-venezolano-liberado-de-forma-irregular\/","title":{"rendered":"Alerta internacional por sicario venezolano liberado de forma irregular."},"content":{"rendered":"<p><a href=\"https:\/\/www.carabineros.cl\/\">Carabineros<\/a> y la <a href=\"https:\/\/www.pdichile.cl\/\">PDI<\/a> emitieron una nueva alerta internacional de &#8220;se busca&#8221; por el sicario venezolano que fue liberado de forma irregular, esta vez con un nombre distinto. Hasta ahora, el acusado de asesinar al empresario denominado como &#8220;Rey de Meiggs&#8221; estaba identificado como Osmar Ferrer.<\/p>\n<p>Con dicha identidad fue arrestado, puesto en prisi\u00f3n preventiva y luego liberado. Sin embargo, la ma\u00f1ana de este viernes se emiti\u00f3 una nueva alerta de b\u00fasqueda, esta vez con el nombre Carlos Alberto Mej\u00eda Hern\u00e1ndez. Se tratar\u00eda de la real identidad del sicario, quien habr\u00eda entregado un nombre distinto a la justicia chilena.<\/p>\n<p>De hecho, en la nueva alerta de b\u00fasqueda aparece &#8220;Osmar Alexander Ferrer Ram\u00edrez&#8221; como su alias.<\/p>\n","protected":false},"excerpt":{"rendered":"<p>Carabineros y la PDI emitieron una nueva alerta internacional de &#8220;se busca&#8221; por el sicario venezolano que fue liberado de forma irregular, esta vez con un nombre distinto. Hasta ahora, el acusado de asesinar al empresario denominado como &#8220;Rey de Meiggs&#8221; estaba identificado como Osmar Ferrer. Con dicha identidad fue arrestado, puesto en prisi\u00f3n preventiva [&hellip;]<\/p>\n","protected":false},"author":2,"featured_media":17837,"comment_status":"closed","ping_status":"open","sticky":false,"template":"","format":"standard","meta":{"_jetpack_memberships_contains_paid_content":false,"jnews-multi-image_gallery":[],"jnews_single_post":[],"jnews_primary_category":[],"jnews_social_meta":[],"jnews_paywall_metabox":[],"jnews_review":[],"enable_review":"","type":"","name":"","summary":"","brand":"","sku":"","good":[],"bad":[],"score_override":"","override_value":"","rating":[],"price":[],"jnews_override_counter":[],"jnews_post_split":[],"footnotes":""},"categories":[21],"tags":[],"class_list":["post-17838","post","type-post","status-publish","format-standard","has-post-thumbnail","hentry","category-nacional"],"jetpack_featured_media_url":"https:\/\/laserenaradio.cl\/web\/wp-content\/uploads\/2025\/07\/homepiaiextractoscrapimg_predeterminadalaserenaradio_ultimo_minuto-4.webp","jetpack_sharing_enabled":true,"_links":{"self":[{"href":"https:\/\/laserenaradio.cl\/web\/wp-json\/wp\/v2\/posts\/17838","targetHints":{"allow":["GET"]}}],"collection":[{"href":"https:\/\/laserenaradio.cl\/web\/wp-json\/wp\/v2\/posts"}],"about":[{"href":"https:\/\/laserenaradio.cl\/web\/wp-json\/wp\/v2\/types\/post"}],"author":[{"embeddable":true,"href":"https:\/\/laserenaradio.cl\/web\/wp-json\/wp\/v2\/users\/2"}],"replies":[{"embeddable":true,"href":"https:\/\/laserenaradio.cl\/web\/wp-json\/wp\/v2\/comments?post=17838"}],"version-history":[{"count":1,"href":"https:\/\/laserenaradio.cl\/web\/wp-json\/wp\/v2\/posts\/17838\/revisions"}],"predecessor-version":[{"id":17839,"href":"https:\/\/laserenaradio.cl\/web\/wp-json\/wp\/v2\/posts\/17838\/revisions\/17839"}],"wp:featuredmedia":[{"embeddable":true,"href":"https:\/\/laserenaradio.cl\/web\/wp-json\/wp\/v2\/media\/17837"}],"wp:attachment":[{"href":"https:\/\/laserenaradio.cl\/web\/wp-json\/wp\/v2\/media?parent=17838"}],"wp:term":[{"taxonomy":"category","embeddable":true,"href":"https:\/\/laserenaradio.cl\/web\/wp-json\/wp\/v2\/categories?post=17838"},{"taxonomy":"post_tag","embeddable":true,"href":"https:\/\/laserenaradio.cl\/web\/wp-json\/wp\/v2\/tags?post=17838"}],"curies":[{"name":"wp","href":"https:\/\/api.w.org\/{rel}","templated":true}]}}