{"id":17835,"date":"2025-07-18T10:17:12","date_gmt":"2025-07-18T13:17:12","guid":{"rendered":"https:\/\/laserenaradio.cl\/web\/?p=17835"},"modified":"2025-07-18T10:17:12","modified_gmt":"2025-07-18T13:17:12","slug":"gendarmeria-y-poder-judicial-en-disputa-por-excarcelacion-de-imputado-vinculado-al-crimen-organizado","status":"publish","type":"post","link":"https:\/\/laserenaradio.cl\/web\/2025\/07\/18\/gendarmeria-y-poder-judicial-en-disputa-por-excarcelacion-de-imputado-vinculado-al-crimen-organizado\/","title":{"rendered":"Gendarmer\u00eda y Poder Judicial en disputa por excarcelaci\u00f3n de imputado vinculado al crimen organizado."},"content":{"rendered":"<p>Osmar Ferrer Ram\u00edrez, vinculado al crimen organizado en Meiggs, sali\u00f3 en libertad desde Santiago 1 por orden judicial, desatando cr\u00edticas entre <a href=\"http:\/\/www.gendarmeria.gob.cl\/\">Gendarmer\u00eda<\/a> y el Poder Judicial. Se investiga su liberaci\u00f3n rodeada de irregularidades, con presencia de acompa\u00f1antes al salir del penal.<\/p>\n<p>Se trata de una excarcelaci\u00f3n rodeada de irregularidades, contradicciones administrativas y tensiones institucionales que todav\u00eda no se aclaran del todo. Lo que comenz\u00f3 como un aparente error de tramitaci\u00f3n judicial hoy es objeto de una amplia investigaci\u00f3n penal, administrativa y tecnol\u00f3gica.<\/p>\n<p>Ferrer fue recibido a las afueras del penal por al menos dos personas cuyas identidades a\u00fan no han sido confirmadas. La <a href=\"https:\/\/www.fiscaliadechile.cl\/\">Fiscal\u00eda<\/a> realiza diligencias para esclarecer c\u00f3mo ocurri\u00f3 la excarcelaci\u00f3n, incluyendo incautaci\u00f3n de celulares y declaraciones a funcionarios.<\/p>\n<p><a href=\"http:\/\/www.gendarmeria.gob.cl\/\">Gendarmer\u00eda<\/a> niega fallas y colabora, mientras el Poder Judicial defiende orden de prisi\u00f3n preventiva. La Corte Suprema adopta medidas y se realiza un segundo allanamiento.<\/p>\n<p>Han pasado ocho d\u00edas desde que Osmar Ferrer Ram\u00edrez, imputado por homicidio calificado y vinculado al crimen organizado en el barrio Meiggs, sali\u00f3 en libertad desde el penal Santiago 1. Se investiga si hubo hackeos o falsificaci\u00f3n de documentos.<\/p>\n<p>Desde <a href=\"http:\/\/www.gendarmeria.gob.cl\/\">Gendarmer\u00eda<\/a> sostuvo que simplemente ejecut\u00f3 una orden judicial recibida por los canales formales y neg\u00f3 categ\u00f3ricamente la existencia de hackeos o falsificaciones.<\/p>\n<p>Sin embargo, desde el Poder Judicial lleg\u00f3 una dura respuesta. La Asociaci\u00f3n Nacional de Magistradas y Magistrados emiti\u00f3 un comunicado en defensa de la jueza Irene Rodr\u00edguez, titular del 8\u00b0 Juzgado de Garant\u00eda de Santiago, se\u00f1alando que la magistrada s\u00ed dict\u00f3 la orden de prisi\u00f3n preventiva y que esta fue debidamente notificada a <a href=\"http:\/\/www.gendarmeria.gob.cl\/\">Gendarmer\u00eda<\/a>.<\/p>\n<p>La presidenta de gremio, Mariela Hern\u00e1ndez, acus\u00f3 falta de diligencia por parte de <a href=\"http:\/\/www.gendarmeria.gob.cl\/\">Gendarmer\u00eda<\/a> para alertar sobre comunicaciones contradictorias. Rechaz\u00f3 tajantemente los llamados a la destituci\u00f3n de la jueza, argumentando que se vulnera la independencia judicial y la presunci\u00f3n de inocencia.<\/p>\n<p>El m\u00e1ximo tribunal del pa\u00eds tambi\u00e9n tom\u00f3 cartas en el asunto. Durante el jueves, la Corte Suprema realiz\u00f3 un pleno extraordinario para abordar el caso y adopt\u00f3 una serie de medidas. Entre ellas, instruy\u00f3 al Departamento de Inform\u00e1tica del Poder Judicial emitir un informe sobre eventuales fallas del sistema electr\u00f3nico de tramitaci\u00f3n.<\/p>\n<p>Se pidi\u00f3 a la Asociaci\u00f3n de Magistrados y Magistradas que informe sobre las dificultades pr\u00e1cticas que han detectado los jueces penales con el sistema actual. La ministra de la Corte Suprema, Mar\u00eda Teresa Letelier, fue la encargada de comunicar p\u00fablicamente parte de estas decisiones.<\/p>\n<p>Mientras la investigaci\u00f3n sigue su curso, el caso se ha convertido en un s\u00edmbolo de las fallas de coordinaci\u00f3n entre instituciones del sistema penal.<\/p>\n","protected":false},"excerpt":{"rendered":"<p>Osmar Ferrer Ram\u00edrez, vinculado al crimen organizado en Meiggs, sali\u00f3 en libertad desde Santiago 1 por orden judicial, desatando cr\u00edticas entre Gendarmer\u00eda y el Poder Judicial. Se investiga su liberaci\u00f3n rodeada de irregularidades, con presencia de acompa\u00f1antes al salir del penal. Se trata de una excarcelaci\u00f3n rodeada de irregularidades, contradicciones administrativas y tensiones institucionales que [&hellip;]<\/p>\n","protected":false},"author":2,"featured_media":17834,"comment_status":"closed","ping_status":"open","sticky":false,"template":"","format":"standard","meta":{"_jetpack_memberships_contains_paid_content":false,"jnews-multi-image_gallery":[],"jnews_single_post":[],"jnews_primary_category":[],"jnews_social_meta":[],"jnews_paywall_metabox":[],"jnews_review":[],"enable_review":"","type":"","name":"","summary":"","brand":"","sku":"","good":[],"bad":[],"score_override":"","override_value":"","rating":[],"price":[],"jnews_override_counter":[],"jnews_post_split":[],"footnotes":""},"categories":[21],"tags":[],"class_list":["post-17835","post","type-post","status-publish","format-standard","has-post-thumbnail","hentry","category-nacional"],"jetpack_featured_media_url":"https:\/\/laserenaradio.cl\/web\/wp-content\/uploads\/2025\/07\/homepiaiextractoscrapimg_webpGendarmeriaPoder_1.webp","jetpack_sharing_enabled":true,"_links":{"self":[{"href":"https:\/\/laserenaradio.cl\/web\/wp-json\/wp\/v2\/posts\/17835","targetHints":{"allow":["GET"]}}],"collection":[{"href":"https:\/\/laserenaradio.cl\/web\/wp-json\/wp\/v2\/posts"}],"about":[{"href":"https:\/\/laserenaradio.cl\/web\/wp-json\/wp\/v2\/types\/post"}],"author":[{"embeddable":true,"href":"https:\/\/laserenaradio.cl\/web\/wp-json\/wp\/v2\/users\/2"}],"replies":[{"embeddable":true,"href":"https:\/\/laserenaradio.cl\/web\/wp-json\/wp\/v2\/comments?post=17835"}],"version-history":[{"count":1,"href":"https:\/\/laserenaradio.cl\/web\/wp-json\/wp\/v2\/posts\/17835\/revisions"}],"predecessor-version":[{"id":17836,"href":"https:\/\/laserenaradio.cl\/web\/wp-json\/wp\/v2\/posts\/17835\/revisions\/17836"}],"wp:featuredmedia":[{"embeddable":true,"href":"https:\/\/laserenaradio.cl\/web\/wp-json\/wp\/v2\/media\/17834"}],"wp:attachment":[{"href":"https:\/\/laserenaradio.cl\/web\/wp-json\/wp\/v2\/media?parent=17835"}],"wp:term":[{"taxonomy":"category","embeddable":true,"href":"https:\/\/laserenaradio.cl\/web\/wp-json\/wp\/v2\/categories?post=17835"},{"taxonomy":"post_tag","embeddable":true,"href":"https:\/\/laserenaradio.cl\/web\/wp-json\/wp\/v2\/tags?post=17835"}],"curies":[{"name":"wp","href":"https:\/\/api.w.org\/{rel}","templated":true}]}}