{"id":17823,"date":"2025-07-17T20:08:17","date_gmt":"2025-07-17T23:08:17","guid":{"rendered":"https:\/\/laserenaradio.cl\/web\/?p=17823"},"modified":"2025-07-17T20:08:17","modified_gmt":"2025-07-17T23:08:17","slug":"detienen-a-madre-y-hijo-por-secuestro-extorsivo","status":"publish","type":"post","link":"https:\/\/laserenaradio.cl\/web\/2025\/07\/17\/detienen-a-madre-y-hijo-por-secuestro-extorsivo\/","title":{"rendered":"Detienen a madre y hijo por secuestro extorsivo."},"content":{"rendered":"<p>Con la medida cautelar de prisi\u00f3n preventiva quedaron una mujer (40 a\u00f1os) y su hijo (17) tras ser formalizados por los delitos de homicidio frustrado, secuestro y retenci\u00f3n de menores. Estos hechos se registraron en abril de este a\u00f1o en el cerro Playa Ancha de Valpara\u00edso y afectaron a una madre con sus dos hijos de nacionalidad colombiana.<\/p>\n<p>De acuerdo con la indagatoria, las v\u00edctimas fueron sacadas desde su domicilio y luego dejadas en libertad a cambio de una suma de dinero. El trabajo investigativo, desarrollado por la Brigada Investigadora de Robos de la Polic\u00eda de Investigaciones (<a href=\"https:\/\/www.pdichile.cl\/\">PDI<\/a>) permiti\u00f3 detener en mayo a un involucrado en este hecho, a quien adem\u00e1s le incautaron uno de los veh\u00edculos usados en la comisi\u00f3n del delito.<\/p>\n<p>Y ahora se detuvo a otros dos implicados, correspondientes a una madre y su hijo, que tienen residencia en la regi\u00f3n Metropolitana. Ambos est\u00e1n acusados en calidad de coautores del secuestro y retenci\u00f3n de los menores.<\/p>\n<p>El subprefecto Julio Maspero, subjefe de la Biro Valpara\u00edso, detall\u00f3 que los nuevos imputados se lograron identificar con el registro de las c\u00e1maras de seguridad y otras diligencias desarrolladas en el marco de esta investigaci\u00f3n. Es justamente el registro de una c\u00e1mara la que evidenci\u00f3 el actuar del grupo, donde uno de ellos saca con violencia a la mujer de la vivienda y otro lleva entre sus brazos a un ni\u00f1o.<\/p>\n<p>El fiscal Ignazio Rivera explic\u00f3 que los nuevos imputados tienen calidad de coautores del delito de secuestro extorsivo. Seg\u00fan detall\u00f3, el 11 de abril, los formalizados, junto a un tercer sujeto que est\u00e1 en prisi\u00f3n preventiva, &#8220;secuestraron a una mujer y dos ni\u00f1os que posteriormente fueron liberados luego del pago de una suma de dinero&#8221;.<\/p>\n<p>Tras la audiencia de formalizaci\u00f3n de cargos, madre e hijo quedaron en prisi\u00f3n preventiva. Adem\u00e1s, se incaut\u00f3 un segundo veh\u00edculo usado en el il\u00edcito.<\/p>\n<p>Los adultos involucrados arriesgan penas de presidio perpetuo calificado.<\/p>\n","protected":false},"excerpt":{"rendered":"<p>Con la medida cautelar de prisi\u00f3n preventiva quedaron una mujer (40 a\u00f1os) y su hijo (17) tras ser formalizados por los delitos de homicidio frustrado, secuestro y retenci\u00f3n de menores. Estos hechos se registraron en abril de este a\u00f1o en el cerro Playa Ancha de Valpara\u00edso y afectaron a una madre con sus dos hijos [&hellip;]<\/p>\n","protected":false},"author":2,"featured_media":17822,"comment_status":"closed","ping_status":"open","sticky":false,"template":"","format":"standard","meta":{"_jetpack_memberships_contains_paid_content":false,"jnews-multi-image_gallery":[],"jnews_single_post":[],"jnews_primary_category":[],"jnews_social_meta":[],"jnews_paywall_metabox":[],"jnews_review":[],"enable_review":"","type":"","name":"","summary":"","brand":"","sku":"","good":[],"bad":[],"score_override":"","override_value":"","rating":[],"price":[],"jnews_override_counter":[],"jnews_post_split":[],"footnotes":""},"categories":[21],"tags":[],"class_list":["post-17823","post","type-post","status-publish","format-standard","has-post-thumbnail","hentry","category-nacional"],"jetpack_featured_media_url":"https:\/\/laserenaradio.cl\/web\/wp-content\/uploads\/2025\/07\/homepiaiextractoscrapimg_predeterminadalaserenaradio_nacional-21.webp","jetpack_sharing_enabled":true,"_links":{"self":[{"href":"https:\/\/laserenaradio.cl\/web\/wp-json\/wp\/v2\/posts\/17823","targetHints":{"allow":["GET"]}}],"collection":[{"href":"https:\/\/laserenaradio.cl\/web\/wp-json\/wp\/v2\/posts"}],"about":[{"href":"https:\/\/laserenaradio.cl\/web\/wp-json\/wp\/v2\/types\/post"}],"author":[{"embeddable":true,"href":"https:\/\/laserenaradio.cl\/web\/wp-json\/wp\/v2\/users\/2"}],"replies":[{"embeddable":true,"href":"https:\/\/laserenaradio.cl\/web\/wp-json\/wp\/v2\/comments?post=17823"}],"version-history":[{"count":1,"href":"https:\/\/laserenaradio.cl\/web\/wp-json\/wp\/v2\/posts\/17823\/revisions"}],"predecessor-version":[{"id":17824,"href":"https:\/\/laserenaradio.cl\/web\/wp-json\/wp\/v2\/posts\/17823\/revisions\/17824"}],"wp:featuredmedia":[{"embeddable":true,"href":"https:\/\/laserenaradio.cl\/web\/wp-json\/wp\/v2\/media\/17822"}],"wp:attachment":[{"href":"https:\/\/laserenaradio.cl\/web\/wp-json\/wp\/v2\/media?parent=17823"}],"wp:term":[{"taxonomy":"category","embeddable":true,"href":"https:\/\/laserenaradio.cl\/web\/wp-json\/wp\/v2\/categories?post=17823"},{"taxonomy":"post_tag","embeddable":true,"href":"https:\/\/laserenaradio.cl\/web\/wp-json\/wp\/v2\/tags?post=17823"}],"curies":[{"name":"wp","href":"https:\/\/api.w.org\/{rel}","templated":true}]}}