{"id":17802,"date":"2025-07-17T08:58:39","date_gmt":"2025-07-17T11:58:39","guid":{"rendered":"https:\/\/laserenaradio.cl\/web\/?p=17802"},"modified":"2025-07-17T08:58:39","modified_gmt":"2025-07-17T11:58:39","slug":"volatilidad-en-wall-street-tras-rumores-sobre-salida-de-powell","status":"publish","type":"post","link":"https:\/\/laserenaradio.cl\/web\/2025\/07\/17\/volatilidad-en-wall-street-tras-rumores-sobre-salida-de-powell\/","title":{"rendered":"Volatilidad en Wall Street tras rumores sobre salida de Powell."},"content":{"rendered":"<p>El mercado opera sin una direcci\u00f3n clara, tras un nuevo episodio de volatilidad inyectado desde la Casa Blanca. Reportes de que el Presidente estadounidense, Donald Trump, preparaba la salida anticipada de Jerome Powell revivi\u00f3 el lema &#8220;vende EEUU&#8221;.<\/p>\n<p>El d\u00f3lar baj\u00f3 1%, los rendimientos de los bonos del Tesoro saltaron y las p\u00e9rdidas se tomaron el S&amp;P500. Quiz\u00e1s fue la presi\u00f3n del mercado, quiz\u00e1s siempre fue el plan original. Pero luego de tres horas y media de caos, Trump asegur\u00f3 que no est\u00e1 planeando forzar la salida de Powell. Despu\u00e9s de todo \u2014advirti\u00f3\u2014 est\u00e1n en posici\u00f3n de hacer un cambio en el directorio de la Reserva Federal en &#8220;unos ocho meses&#8221;, en referencia del fin de mandato de Powell en mayo de 2026.<\/p>\n<p>Los futuros de Wall Street revirtieron las p\u00e9rdidas para cerrar con alzas moderadas, y la tendencia se extiende esta ma\u00f1ana a las sesiones en Asia y Europa. Los futuros estadounidenses, sin embargo, moderan el entusiasmo y operan mixtos. Pero el d\u00f3lar defiende un repunte.<\/p>\n","protected":false},"excerpt":{"rendered":"<p>El mercado opera sin una direcci\u00f3n clara, tras un nuevo episodio de volatilidad inyectado desde la Casa Blanca. Reportes de que el Presidente estadounidense, Donald Trump, preparaba la salida anticipada de Jerome Powell revivi\u00f3 el lema &#8220;vende EEUU&#8221;. El d\u00f3lar baj\u00f3 1%, los rendimientos de los bonos del Tesoro saltaron y las p\u00e9rdidas se tomaron [&hellip;]<\/p>\n","protected":false},"author":2,"featured_media":17801,"comment_status":"closed","ping_status":"open","sticky":false,"template":"","format":"standard","meta":{"_jetpack_memberships_contains_paid_content":false,"jnews-multi-image_gallery":[],"jnews_single_post":[],"jnews_primary_category":[],"jnews_social_meta":[],"jnews_paywall_metabox":[],"jnews_review":[],"enable_review":"","type":"","name":"","summary":"","brand":"","sku":"","good":[],"bad":[],"score_override":"","override_value":"","rating":[],"price":[],"jnews_override_counter":[],"jnews_post_split":[],"footnotes":""},"categories":[85],"tags":[],"class_list":["post-17802","post","type-post","status-publish","format-standard","has-post-thumbnail","hentry","category-economia"],"jetpack_featured_media_url":"https:\/\/laserenaradio.cl\/web\/wp-content\/uploads\/2025\/07\/homepiaiextractoscrapimg_webpTrumpCasaBlancaPowellmercado_0.webp","jetpack_sharing_enabled":true,"_links":{"self":[{"href":"https:\/\/laserenaradio.cl\/web\/wp-json\/wp\/v2\/posts\/17802","targetHints":{"allow":["GET"]}}],"collection":[{"href":"https:\/\/laserenaradio.cl\/web\/wp-json\/wp\/v2\/posts"}],"about":[{"href":"https:\/\/laserenaradio.cl\/web\/wp-json\/wp\/v2\/types\/post"}],"author":[{"embeddable":true,"href":"https:\/\/laserenaradio.cl\/web\/wp-json\/wp\/v2\/users\/2"}],"replies":[{"embeddable":true,"href":"https:\/\/laserenaradio.cl\/web\/wp-json\/wp\/v2\/comments?post=17802"}],"version-history":[{"count":1,"href":"https:\/\/laserenaradio.cl\/web\/wp-json\/wp\/v2\/posts\/17802\/revisions"}],"predecessor-version":[{"id":17803,"href":"https:\/\/laserenaradio.cl\/web\/wp-json\/wp\/v2\/posts\/17802\/revisions\/17803"}],"wp:featuredmedia":[{"embeddable":true,"href":"https:\/\/laserenaradio.cl\/web\/wp-json\/wp\/v2\/media\/17801"}],"wp:attachment":[{"href":"https:\/\/laserenaradio.cl\/web\/wp-json\/wp\/v2\/media?parent=17802"}],"wp:term":[{"taxonomy":"category","embeddable":true,"href":"https:\/\/laserenaradio.cl\/web\/wp-json\/wp\/v2\/categories?post=17802"},{"taxonomy":"post_tag","embeddable":true,"href":"https:\/\/laserenaradio.cl\/web\/wp-json\/wp\/v2\/tags?post=17802"}],"curies":[{"name":"wp","href":"https:\/\/api.w.org\/{rel}","templated":true}]}}