{"id":17799,"date":"2025-07-17T08:53:49","date_gmt":"2025-07-17T11:53:49","guid":{"rendered":"https:\/\/laserenaradio.cl\/web\/?p=17799"},"modified":"2025-07-17T08:53:49","modified_gmt":"2025-07-17T11:53:49","slug":"homicidio-en-local-de-comida-rapida-de-gran-avenida","status":"publish","type":"post","link":"https:\/\/laserenaradio.cl\/web\/2025\/07\/17\/homicidio-en-local-de-comida-rapida-de-gran-avenida\/","title":{"rendered":"Homicidio en local de comida r\u00e1pida de Gran Avenida."},"content":{"rendered":"<p>Un hombre de 27 a\u00f1os fue v\u00edctima de homicidio en un local de comida r\u00e1pida este mi\u00e9rcoles cerca de las 18:30 horas en Gran Avenida, La Cisterna. El hecho habr\u00eda ocurrido cuando un sujeto se desplazaba por fuera del local \u201cPapi Nano\u201d e inici\u00f3 una cantidad de disparos indeterminada al interior del local, seg\u00fan indicaron autoridades policiales.<\/p>\n<p>La v\u00edctima estaba compartiendo con otras personas en el interior del local cuando los disparos se ejecutaron. Al momento de la llegada de <a href=\"https:\/\/www.carabineros.cl\/\">Carabineros<\/a>, la v\u00edctima lamentablemente ya hab\u00eda fallecido.<\/p>\n<p>El comandante Rodrigo Troncoso de la Prefectura Santiago Sur de <a href=\"https:\/\/www.carabineros.cl\/\">Carabineros<\/a> explic\u00f3 que \u201cPor causas que est\u00e1n siendo investigadas, un sujeto, el cual se desplazaba de infanter\u00eda por Gran Avenida, inicia una cantidad de disparos indeterminados al interior del local, resultando lamentablemente una persona fallecida\u201d.<\/p>\n<p>Si bien la v\u00edctima estaba acompa\u00f1ada de otras personas, estas ya no estaban cuando lleg\u00f3 <a href=\"https:\/\/www.carabineros.cl\/\">Carabineros<\/a>. En ese sentido, se est\u00e1 investigando tambi\u00e9n si es que hay m\u00e1s personas lesionadas.<\/p>\n<p>Equipos especializados est\u00e1n recabando antecedentes para dar con el o los responsables, incluyendo pericias a c\u00e1maras de seguridad. Por su parte, el fiscal Roberto Contreras, coordinador de Equipos de Crimen Organizado y Homicidios (ECOH) de la <a href=\"https:\/\/www.fiscaliadechile.cl\/\">Fiscal\u00eda<\/a> Occidente, detall\u00f3 que junto a <a href=\"https:\/\/www.carabineros.cl\/\">Carabineros<\/a> se est\u00e1n llevando a cabo \u201clas labores de empadronamiento, del an\u00e1lisis cient\u00edfico-t\u00e9cnico del sitio del suceso y tambi\u00e9n el levantamiento de evidencia bal\u00edstica\u201d.<\/p>\n<p>Adem\u00e1s, a\u00f1adi\u00f3 que no descartan que m\u00e1s de una persona pueda estar involucrada en el homicidio. \u201cLos antecedentes que manejamos de manera preliminar es que esta persona (el victimario) habr\u00eda ingresado a pie y que luego habr\u00eda huido del lugar tambi\u00e9n caminando. Desconocemos, y es parte de las diligencias que estamos realizando, si es que estaba acompa\u00f1ado de otro sujeto o si eventualmente huy\u00f3 en alg\u00fan veh\u00edculo para favorecer el escape\u201d, indic\u00f3 Contreras.<\/p>\n","protected":false},"excerpt":{"rendered":"<p>Un hombre de 27 a\u00f1os fue v\u00edctima de homicidio en un local de comida r\u00e1pida este mi\u00e9rcoles cerca de las 18:30 horas en Gran Avenida, La Cisterna. El hecho habr\u00eda ocurrido cuando un sujeto se desplazaba por fuera del local \u201cPapi Nano\u201d e inici\u00f3 una cantidad de disparos indeterminada al interior del local, seg\u00fan indicaron [&hellip;]<\/p>\n","protected":false},"author":2,"featured_media":17798,"comment_status":"closed","ping_status":"open","sticky":false,"template":"","format":"standard","meta":{"_jetpack_memberships_contains_paid_content":false,"jnews-multi-image_gallery":[],"jnews_single_post":[],"jnews_primary_category":[],"jnews_social_meta":[],"jnews_paywall_metabox":[],"jnews_review":[],"enable_review":"","type":"","name":"","summary":"","brand":"","sku":"","good":[],"bad":[],"score_override":"","override_value":"","rating":[],"price":[],"jnews_override_counter":[],"jnews_post_split":[],"footnotes":""},"categories":[21],"tags":[],"class_list":["post-17799","post","type-post","status-publish","format-standard","has-post-thumbnail","hentry","category-nacional"],"jetpack_featured_media_url":"https:\/\/laserenaradio.cl\/web\/wp-content\/uploads\/2025\/07\/homepiaiextractoscrapimg_webplocalcarabinerosCarabinerosGranAvenida_0.webp","jetpack_sharing_enabled":true,"_links":{"self":[{"href":"https:\/\/laserenaradio.cl\/web\/wp-json\/wp\/v2\/posts\/17799","targetHints":{"allow":["GET"]}}],"collection":[{"href":"https:\/\/laserenaradio.cl\/web\/wp-json\/wp\/v2\/posts"}],"about":[{"href":"https:\/\/laserenaradio.cl\/web\/wp-json\/wp\/v2\/types\/post"}],"author":[{"embeddable":true,"href":"https:\/\/laserenaradio.cl\/web\/wp-json\/wp\/v2\/users\/2"}],"replies":[{"embeddable":true,"href":"https:\/\/laserenaradio.cl\/web\/wp-json\/wp\/v2\/comments?post=17799"}],"version-history":[{"count":1,"href":"https:\/\/laserenaradio.cl\/web\/wp-json\/wp\/v2\/posts\/17799\/revisions"}],"predecessor-version":[{"id":17800,"href":"https:\/\/laserenaradio.cl\/web\/wp-json\/wp\/v2\/posts\/17799\/revisions\/17800"}],"wp:featuredmedia":[{"embeddable":true,"href":"https:\/\/laserenaradio.cl\/web\/wp-json\/wp\/v2\/media\/17798"}],"wp:attachment":[{"href":"https:\/\/laserenaradio.cl\/web\/wp-json\/wp\/v2\/media?parent=17799"}],"wp:term":[{"taxonomy":"category","embeddable":true,"href":"https:\/\/laserenaradio.cl\/web\/wp-json\/wp\/v2\/categories?post=17799"},{"taxonomy":"post_tag","embeddable":true,"href":"https:\/\/laserenaradio.cl\/web\/wp-json\/wp\/v2\/tags?post=17799"}],"curies":[{"name":"wp","href":"https:\/\/api.w.org\/{rel}","templated":true}]}}