{"id":17793,"date":"2025-07-17T08:46:52","date_gmt":"2025-07-17T11:46:52","guid":{"rendered":"https:\/\/laserenaradio.cl\/web\/?p=17793"},"modified":"2025-07-17T08:46:52","modified_gmt":"2025-07-17T11:46:52","slug":"carabineros-abatio-a-un-hombre-tras-enfrentamiento-en-lampa","status":"publish","type":"post","link":"https:\/\/laserenaradio.cl\/web\/2025\/07\/17\/carabineros-abatio-a-un-hombre-tras-enfrentamiento-en-lampa\/","title":{"rendered":"Carabineros abati\u00f3 a un hombre tras enfrentamiento en Lampa"},"content":{"rendered":"<p><a href=\"https:\/\/www.carabineros.cl\/\">Carabineros<\/a> abati\u00f3 a una persona tras protagonizar un enfrentamiento en Lampa, donde uniformados dispararon contra una banda que conduc\u00eda un auto con encargo por robo. El incidente ocurri\u00f3 de madrugada en el kil\u00f3metro 20 de la Ruta 5 Norte, donde personal policial logr\u00f3 identificar una placa patente de un veh\u00edculo que contaba con encargo por robo del pasado 14 de julio.<\/p>\n<p>De este modo, iniciaron un seguimiento controlado, pero los ocupantes del autom\u00f3vil intentaron escapar. Por lo que el conductor realiz\u00f3 una brusca maniobra que provoc\u00f3 una colisi\u00f3n con la patrulla. Los carabineros se bajaron del carro policial para detener a esta banda, sin embargo, uno de los integrantes los apunt\u00f3 con un arma de fuego.<\/p>\n<p>Al verse en peligro, los uniformados dispararon en al menos 14 ocasiones, provocando la muerte de un hombre de 19 a\u00f1os. En tanto, otros tres individuos resultaron heridos con impactos bal\u00edsticos, uno de los cuales est\u00e1 en riesgo vital. Finalmente, el quinto integrante, de solo 13 a\u00f1os y con antecedentes, result\u00f3 con lesiones menores y fue detenido; mientras que otro logr\u00f3 escapar.<\/p>\n<p>El coronel de <a href=\"https:\/\/www.carabineros.cl\/\">Carabineros<\/a>, Marco Guti\u00e9rrez, detall\u00f3 que los uniformados actuaron en &#8220;leg\u00edtima defensa propia&#8221;. El fiscal Centro Norte, Felipe Olivari, detall\u00f3 que los heridos se encuentran en distintos centros asistenciales en calidad de detenidos.<\/p>\n<p>El procedimiento provoc\u00f3 la participaci\u00f3n de un importante contingente policial, que incluy\u00f3 la utilizaci\u00f3n del helic\u00f3ptero institucional y m\u00e1s de 30 efectivos de <a href=\"https:\/\/www.carabineros.cl\/\">Carabineros<\/a> para dar b\u00fasqueda del pr\u00f3fugo. Los esfuerzos de las entidades policiales ahora est\u00e1n en encontrar a dicho involucrado, mientras que los dem\u00e1s detenidos ser\u00e1n puestos a disposici\u00f3n del Ministerio P\u00fablico.<\/p>\n","protected":false},"excerpt":{"rendered":"<p>Carabineros abati\u00f3 a una persona tras protagonizar un enfrentamiento en Lampa, donde uniformados dispararon contra una banda que conduc\u00eda un auto con encargo por robo. El incidente ocurri\u00f3 de madrugada en el kil\u00f3metro 20 de la Ruta 5 Norte, donde personal policial logr\u00f3 identificar una placa patente de un veh\u00edculo que contaba con encargo por [&hellip;]<\/p>\n","protected":false},"author":2,"featured_media":17792,"comment_status":"closed","ping_status":"open","sticky":false,"template":"","format":"standard","meta":{"_jetpack_memberships_contains_paid_content":false,"jnews-multi-image_gallery":[],"jnews_single_post":[],"jnews_primary_category":[],"jnews_social_meta":[],"jnews_paywall_metabox":[],"jnews_review":[],"enable_review":"","type":"","name":"","summary":"","brand":"","sku":"","good":[],"bad":[],"score_override":"","override_value":"","rating":[],"price":[],"jnews_override_counter":[],"jnews_post_split":[],"footnotes":""},"categories":[21],"tags":[],"class_list":["post-17793","post","type-post","status-publish","format-standard","has-post-thumbnail","hentry","category-nacional"],"jetpack_featured_media_url":"https:\/\/laserenaradio.cl\/web\/wp-content\/uploads\/2025\/07\/homepiaiextractoscrapimg_webpCarabinerosLampa_1.webp","jetpack_sharing_enabled":true,"_links":{"self":[{"href":"https:\/\/laserenaradio.cl\/web\/wp-json\/wp\/v2\/posts\/17793","targetHints":{"allow":["GET"]}}],"collection":[{"href":"https:\/\/laserenaradio.cl\/web\/wp-json\/wp\/v2\/posts"}],"about":[{"href":"https:\/\/laserenaradio.cl\/web\/wp-json\/wp\/v2\/types\/post"}],"author":[{"embeddable":true,"href":"https:\/\/laserenaradio.cl\/web\/wp-json\/wp\/v2\/users\/2"}],"replies":[{"embeddable":true,"href":"https:\/\/laserenaradio.cl\/web\/wp-json\/wp\/v2\/comments?post=17793"}],"version-history":[{"count":1,"href":"https:\/\/laserenaradio.cl\/web\/wp-json\/wp\/v2\/posts\/17793\/revisions"}],"predecessor-version":[{"id":17794,"href":"https:\/\/laserenaradio.cl\/web\/wp-json\/wp\/v2\/posts\/17793\/revisions\/17794"}],"wp:featuredmedia":[{"embeddable":true,"href":"https:\/\/laserenaradio.cl\/web\/wp-json\/wp\/v2\/media\/17792"}],"wp:attachment":[{"href":"https:\/\/laserenaradio.cl\/web\/wp-json\/wp\/v2\/media?parent=17793"}],"wp:term":[{"taxonomy":"category","embeddable":true,"href":"https:\/\/laserenaradio.cl\/web\/wp-json\/wp\/v2\/categories?post=17793"},{"taxonomy":"post_tag","embeddable":true,"href":"https:\/\/laserenaradio.cl\/web\/wp-json\/wp\/v2\/tags?post=17793"}],"curies":[{"name":"wp","href":"https:\/\/api.w.org\/{rel}","templated":true}]}}