{"id":17790,"date":"2025-07-17T08:43:59","date_gmt":"2025-07-17T11:43:59","guid":{"rendered":"https:\/\/laserenaradio.cl\/web\/?p=17790"},"modified":"2025-07-17T08:43:59","modified_gmt":"2025-07-17T11:43:59","slug":"criticas-al-director-del-sii-por-impago-de-contribuciones","status":"publish","type":"post","link":"https:\/\/laserenaradio.cl\/web\/2025\/07\/17\/criticas-al-director-del-sii-por-impago-de-contribuciones\/","title":{"rendered":"Cr\u00edticas al director del SII por impago de contribuciones"},"content":{"rendered":"<p>El caso del director del <a href=\"http:\/\/www.sii.cl\/\">Servicio de Impuestos Internos (SII)<\/a>, Javier Etcheberry, que fue denunciado por no pagar contribuciones de una casa en Paine, provoc\u00f3 cr\u00edticas desde el parlamento. Entre los que hablaron est\u00e1n los diputados de Renovaci\u00f3n Nacional Miguel Mellado y Frank Sauerbaum.<\/p>\n<p>Mellado pidi\u00f3 expl\u00edcitamente que Etcheberry \u201cDebe dar un paso al costado por dignidad. No le puede estar pidiendo a los chilenos que paguen las contribuciones\u201d. Por su parte, Sauerbaum coincide y afirma que el director del SII \u201cse trata de excusar en una supuesta responsabilidad del servicio que \u00e9l dirige\u201d.<\/p>\n<p>El parlamentario independiente-PPD Carlos Bianchi complement\u00f3 que el director del SII \u201cno tiene ning\u00fan grado de moralidad para llegar a la Comisi\u00f3n de Hacienda\u201d. Agust\u00edn Romero, por su parte, apunta a las posibles sanciones que pueda enfrentar Etcheberry. Considerando que por ley solo podr\u00eda pagar 3 a\u00f1os retroactivos en caso de regularizar la situaci\u00f3n, asegur\u00f3: \u201cEs una se\u00f1al inaceptable de impunidad desde lo m\u00e1s alto del sistema tributario. Debe pagar hasta el \u00faltimo peso que le debe a todos los chilenos\u201d.<\/p>\n<p>En entrevista con TVN, Etcheberry responsabiliz\u00f3 al Servicio de Impuestos Internos, asegurando que es el organismo quien debe tasar y actualizar los aval\u00faos cuando corresponde. Agreg\u00f3 que hace nueve a\u00f1os present\u00f3 una tasaci\u00f3n tanto de su casa en Aculeo como de su departamento en Santiago.<\/p>\n<p>Al asumir la direcci\u00f3n, cuestion\u00f3 qu\u00e9 hab\u00eda pasado con esa informaci\u00f3n, y por qu\u00e9 no se hab\u00eda actualizado el catastro de su propiedad. Seg\u00fan explic\u00f3, le informaron que las declaraciones, un total de 60 mil, se extraviaron y apenas fueron recuperadas hace cuatro meses.<\/p>\n","protected":false},"excerpt":{"rendered":"<p>El caso del director del Servicio de Impuestos Internos (SII), Javier Etcheberry, que fue denunciado por no pagar contribuciones de una casa en Paine, provoc\u00f3 cr\u00edticas desde el parlamento. Entre los que hablaron est\u00e1n los diputados de Renovaci\u00f3n Nacional Miguel Mellado y Frank Sauerbaum. Mellado pidi\u00f3 expl\u00edcitamente que Etcheberry \u201cDebe dar un paso al costado [&hellip;]<\/p>\n","protected":false},"author":2,"featured_media":17789,"comment_status":"closed","ping_status":"open","sticky":false,"template":"","format":"standard","meta":{"_jetpack_memberships_contains_paid_content":false,"jnews-multi-image_gallery":[],"jnews_single_post":[],"jnews_primary_category":[],"jnews_social_meta":[],"jnews_paywall_metabox":[],"jnews_review":[],"enable_review":"","type":"","name":"","summary":"","brand":"","sku":"","good":[],"bad":[],"score_override":"","override_value":"","rating":[],"price":[],"jnews_override_counter":[],"jnews_post_split":[],"footnotes":""},"categories":[21],"tags":[],"class_list":["post-17790","post","type-post","status-publish","format-standard","has-post-thumbnail","hentry","category-nacional"],"jetpack_featured_media_url":"https:\/\/laserenaradio.cl\/web\/wp-content\/uploads\/2025\/07\/homepiaiextractoscrapimg_webpdirectorpagarcontribucionesEtcheberry_1.webp","jetpack_sharing_enabled":true,"_links":{"self":[{"href":"https:\/\/laserenaradio.cl\/web\/wp-json\/wp\/v2\/posts\/17790","targetHints":{"allow":["GET"]}}],"collection":[{"href":"https:\/\/laserenaradio.cl\/web\/wp-json\/wp\/v2\/posts"}],"about":[{"href":"https:\/\/laserenaradio.cl\/web\/wp-json\/wp\/v2\/types\/post"}],"author":[{"embeddable":true,"href":"https:\/\/laserenaradio.cl\/web\/wp-json\/wp\/v2\/users\/2"}],"replies":[{"embeddable":true,"href":"https:\/\/laserenaradio.cl\/web\/wp-json\/wp\/v2\/comments?post=17790"}],"version-history":[{"count":1,"href":"https:\/\/laserenaradio.cl\/web\/wp-json\/wp\/v2\/posts\/17790\/revisions"}],"predecessor-version":[{"id":17791,"href":"https:\/\/laserenaradio.cl\/web\/wp-json\/wp\/v2\/posts\/17790\/revisions\/17791"}],"wp:featuredmedia":[{"embeddable":true,"href":"https:\/\/laserenaradio.cl\/web\/wp-json\/wp\/v2\/media\/17789"}],"wp:attachment":[{"href":"https:\/\/laserenaradio.cl\/web\/wp-json\/wp\/v2\/media?parent=17790"}],"wp:term":[{"taxonomy":"category","embeddable":true,"href":"https:\/\/laserenaradio.cl\/web\/wp-json\/wp\/v2\/categories?post=17790"},{"taxonomy":"post_tag","embeddable":true,"href":"https:\/\/laserenaradio.cl\/web\/wp-json\/wp\/v2\/tags?post=17790"}],"curies":[{"name":"wp","href":"https:\/\/api.w.org\/{rel}","templated":true}]}}