{"id":17787,"date":"2025-07-16T20:50:11","date_gmt":"2025-07-16T23:50:11","guid":{"rendered":"https:\/\/laserenaradio.cl\/web\/?p=17787"},"modified":"2025-07-16T20:50:11","modified_gmt":"2025-07-16T23:50:11","slug":"conaf-envia-brigadistas-a-canada-para-combatir-incendios-forestales","status":"publish","type":"post","link":"https:\/\/laserenaradio.cl\/web\/2025\/07\/16\/conaf-envia-brigadistas-a-canada-para-combatir-incendios-forestales\/","title":{"rendered":"CONAF env\u00eda brigadistas a Canad\u00e1 para combatir incendios forestales."},"content":{"rendered":"<p>En los \u00faltimos d\u00edas, Canad\u00e1 ha enfrentado una de las peores temporadas de incendios forestales en su historia reciente. M\u00e1s de 5,1 millones de hect\u00e1reas han sido afectadas por el fuego, con m\u00e1s de 3 mil incendios registrados a la fecha y cerca de 40 mil personas evacuadas.<\/p>\n<p>Para apoyar en esta emergencia, la Corporaci\u00f3n Nacional Forestal (CONAF) enviar\u00e1 a 62 brigadistas a la provincia de Alberta. Este esfuerzo est\u00e1 respaldado por el acuerdo de cooperaci\u00f3n internacional entre Chile y Canad\u00e1 en materia de manejo del fuego.<\/p>\n<p>El equipo chileno, compuesto por brigadistas altamente capacitados, permanecer\u00e1 en Canad\u00e1 durante 32 d\u00edas, prestando apoyo directo en el combate de los siniestros en una de las zonas m\u00e1s afectadas por esta temporada. Este despliegue se enmarca en el Memor\u00e1ndum de Entendimiento firmado el 12 de noviembre de 2024 entre el <a href=\"https:\/\/www.minagri.gob.cl\/\">Ministerio de Agricultura<\/a> de Chile y el Ministerio de Recursos Naturales de Canad\u00e1.<\/p>\n<p>Esta es la segunda ocasi\u00f3n en que CONAF presta apoyo directo a Canad\u00e1 en un contexto de emergencia. La primera tuvo lugar en febrero de 2023, marco del inicio de una relaci\u00f3n de colaboraci\u00f3n estructural entre ambos pa\u00edses en materia de manejo del fuego.<\/p>\n<p>El apoyo internacional que brinda CONAF a Canad\u00e1 es una muestra de la capacidad t\u00e9cnica que tiene la Corporaci\u00f3n para enfrentar los incendios forestales no solo en Chile, sino tambi\u00e9n en un contexto internacional. As\u00ed lo indic\u00f3 el director ejecutivo de CONAF, Rodrigo Illesca.<\/p>\n<p>Por su parte, la embajadora de Canad\u00e1 en Chile, Karolina Guay, se\u00f1al\u00f3 que \u201cmi primer mensaje es de agradecimiento de parte del gobierno y de los ciudadanos de Canad\u00e1 por el apoyo que estos brigadistas chilenos van a brindar a los incendios forestales que estamos enfrentando, una de las peores temporadas que hemos tenido hasta ahora\u201d.<\/p>\n<p>El subsecretario de Agricultura, Alan Espinoza, destac\u00f3 la importancia del trabajo conjunto entre Canad\u00e1 y Chile. &#8220;Estamos despidiendo a una tremenda delegaci\u00f3n de hombres y mujeres que van a combatir incendios forestales a Canad\u00e1, gracias a un trabajo en conjunto hace varios a\u00f1os entre Canad\u00e1 y Chile, pa\u00edses hermanos&#8221;, resalt\u00f3 Espinoza.<\/p>\n","protected":false},"excerpt":{"rendered":"<p>En los \u00faltimos d\u00edas, Canad\u00e1 ha enfrentado una de las peores temporadas de incendios forestales en su historia reciente. M\u00e1s de 5,1 millones de hect\u00e1reas han sido afectadas por el fuego, con m\u00e1s de 3 mil incendios registrados a la fecha y cerca de 40 mil personas evacuadas. Para apoyar en esta emergencia, la Corporaci\u00f3n [&hellip;]<\/p>\n","protected":false},"author":2,"featured_media":17786,"comment_status":"closed","ping_status":"open","sticky":false,"template":"","format":"standard","meta":{"_jetpack_memberships_contains_paid_content":false,"jnews-multi-image_gallery":[],"jnews_single_post":[],"jnews_primary_category":[],"jnews_social_meta":[],"jnews_paywall_metabox":[],"jnews_review":[],"enable_review":"","type":"","name":"","summary":"","brand":"","sku":"","good":[],"bad":[],"score_override":"","override_value":"","rating":[],"price":[],"jnews_override_counter":[],"jnews_post_split":[],"footnotes":""},"categories":[21],"tags":[],"class_list":["post-17787","post","type-post","status-publish","format-standard","has-post-thumbnail","hentry","category-nacional"],"jetpack_featured_media_url":"https:\/\/laserenaradio.cl\/web\/wp-content\/uploads\/2025\/07\/homepiaiextractoscrapimg_webpincendiosChileforestalesbrigadistas_0.webp","jetpack_sharing_enabled":true,"_links":{"self":[{"href":"https:\/\/laserenaradio.cl\/web\/wp-json\/wp\/v2\/posts\/17787","targetHints":{"allow":["GET"]}}],"collection":[{"href":"https:\/\/laserenaradio.cl\/web\/wp-json\/wp\/v2\/posts"}],"about":[{"href":"https:\/\/laserenaradio.cl\/web\/wp-json\/wp\/v2\/types\/post"}],"author":[{"embeddable":true,"href":"https:\/\/laserenaradio.cl\/web\/wp-json\/wp\/v2\/users\/2"}],"replies":[{"embeddable":true,"href":"https:\/\/laserenaradio.cl\/web\/wp-json\/wp\/v2\/comments?post=17787"}],"version-history":[{"count":1,"href":"https:\/\/laserenaradio.cl\/web\/wp-json\/wp\/v2\/posts\/17787\/revisions"}],"predecessor-version":[{"id":17788,"href":"https:\/\/laserenaradio.cl\/web\/wp-json\/wp\/v2\/posts\/17787\/revisions\/17788"}],"wp:featuredmedia":[{"embeddable":true,"href":"https:\/\/laserenaradio.cl\/web\/wp-json\/wp\/v2\/media\/17786"}],"wp:attachment":[{"href":"https:\/\/laserenaradio.cl\/web\/wp-json\/wp\/v2\/media?parent=17787"}],"wp:term":[{"taxonomy":"category","embeddable":true,"href":"https:\/\/laserenaradio.cl\/web\/wp-json\/wp\/v2\/categories?post=17787"},{"taxonomy":"post_tag","embeddable":true,"href":"https:\/\/laserenaradio.cl\/web\/wp-json\/wp\/v2\/tags?post=17787"}],"curies":[{"name":"wp","href":"https:\/\/api.w.org\/{rel}","templated":true}]}}