{"id":17781,"date":"2025-07-16T20:45:45","date_gmt":"2025-07-16T23:45:45","guid":{"rendered":"https:\/\/laserenaradio.cl\/web\/?p=17781"},"modified":"2025-07-16T20:45:45","modified_gmt":"2025-07-16T23:45:45","slug":"asesinato-y-lesiones-en-lo-espejo","status":"publish","type":"post","link":"https:\/\/laserenaradio.cl\/web\/2025\/07\/16\/asesinato-y-lesiones-en-lo-espejo\/","title":{"rendered":"Asesinato y lesiones en Lo Espejo."},"content":{"rendered":"<p>Un adolescente de 14 a\u00f1os result\u00f3 herido y est\u00e1 fuera de riesgo vital tras un incidente violento ocurrido cerca de las 13:00 horas en Lo Espejo. Un joven mayor falleci\u00f3 en el lugar mientras era trasladado a una cl\u00ednica. <\/p>\n<p>De acuerdo con la informaci\u00f3n proporcionada por <a href=\"https:\/\/www.carabineros.cl\/\">Carabineros<\/a>, se reportaron disparos alrededor de las 13:50 horas en calle P\u00edo XII. Personal de Equipos de Crimen Organizado y Homicidios (ECOH) y la Brigada de Homicidios Sur acudi\u00f3 al sitio para recolectar evidencia.<\/p>\n<p>El Fiscal Roberto Contreras explic\u00f3 que el adolescente herido ha sido atendido con \u00e9xito, mientras que investigaciones contin\u00faan para reconstruir los hechos. Este caso es el tercer incidente violento documentado en la regi\u00f3n Metropolitana en las \u00faltimas 24 horas, siguiendo hallazgos similares en Colina y Lampa.<\/p>\n<p>El Subprefecto Robert Briones de la <a href=\"https:\/\/www.pdichile.cl\/\">PDI<\/a> indic\u00f3 que se est\u00e1n realizando tareas de investigaci\u00f3n para determinar los detalles exactos del evento.<\/p>\n","protected":false},"excerpt":{"rendered":"<p>Un adolescente de 14 a\u00f1os result\u00f3 herido y est\u00e1 fuera de riesgo vital tras un incidente violento ocurrido cerca de las 13:00 horas en Lo Espejo. Un joven mayor falleci\u00f3 en el lugar mientras era trasladado a una cl\u00ednica. De acuerdo con la informaci\u00f3n proporcionada por Carabineros, se reportaron disparos alrededor de las 13:50 horas [&hellip;]<\/p>\n","protected":false},"author":2,"featured_media":17780,"comment_status":"closed","ping_status":"open","sticky":false,"template":"","format":"standard","meta":{"_jetpack_memberships_contains_paid_content":false,"jnews-multi-image_gallery":[],"jnews_single_post":[],"jnews_primary_category":[],"jnews_social_meta":[],"jnews_paywall_metabox":[],"jnews_review":[],"enable_review":"","type":"","name":"","summary":"","brand":"","sku":"","good":[],"bad":[],"score_override":"","override_value":"","rating":[],"price":[],"jnews_override_counter":[],"jnews_post_split":[],"footnotes":""},"categories":[21],"tags":[],"class_list":["post-17781","post","type-post","status-publish","format-standard","has-post-thumbnail","hentry","category-nacional"],"jetpack_featured_media_url":"https:\/\/laserenaradio.cl\/web\/wp-content\/uploads\/2025\/07\/homepiaiextractoscrapimg_webphorasadolescenteheridoincidente_1.webp","jetpack_sharing_enabled":true,"_links":{"self":[{"href":"https:\/\/laserenaradio.cl\/web\/wp-json\/wp\/v2\/posts\/17781","targetHints":{"allow":["GET"]}}],"collection":[{"href":"https:\/\/laserenaradio.cl\/web\/wp-json\/wp\/v2\/posts"}],"about":[{"href":"https:\/\/laserenaradio.cl\/web\/wp-json\/wp\/v2\/types\/post"}],"author":[{"embeddable":true,"href":"https:\/\/laserenaradio.cl\/web\/wp-json\/wp\/v2\/users\/2"}],"replies":[{"embeddable":true,"href":"https:\/\/laserenaradio.cl\/web\/wp-json\/wp\/v2\/comments?post=17781"}],"version-history":[{"count":1,"href":"https:\/\/laserenaradio.cl\/web\/wp-json\/wp\/v2\/posts\/17781\/revisions"}],"predecessor-version":[{"id":17782,"href":"https:\/\/laserenaradio.cl\/web\/wp-json\/wp\/v2\/posts\/17781\/revisions\/17782"}],"wp:featuredmedia":[{"embeddable":true,"href":"https:\/\/laserenaradio.cl\/web\/wp-json\/wp\/v2\/media\/17780"}],"wp:attachment":[{"href":"https:\/\/laserenaradio.cl\/web\/wp-json\/wp\/v2\/media?parent=17781"}],"wp:term":[{"taxonomy":"category","embeddable":true,"href":"https:\/\/laserenaradio.cl\/web\/wp-json\/wp\/v2\/categories?post=17781"},{"taxonomy":"post_tag","embeddable":true,"href":"https:\/\/laserenaradio.cl\/web\/wp-json\/wp\/v2\/tags?post=17781"}],"curies":[{"name":"wp","href":"https:\/\/api.w.org\/{rel}","templated":true}]}}