{"id":17778,"date":"2025-07-16T20:44:01","date_gmt":"2025-07-16T23:44:01","guid":{"rendered":"https:\/\/laserenaradio.cl\/web\/?p=17778"},"modified":"2025-07-16T20:44:01","modified_gmt":"2025-07-16T23:44:01","slug":"hombre-boliviano-asesinado-a-tiros-en-lampa","status":"publish","type":"post","link":"https:\/\/laserenaradio.cl\/web\/2025\/07\/16\/hombre-boliviano-asesinado-a-tiros-en-lampa\/","title":{"rendered":"Hombre boliviano asesinado a tiros en Lampa"},"content":{"rendered":"<p>El cuerpo de un hombre de 40 a\u00f1os, con tres impactos de bala, fue encontrado la noche del martes en Lampa, regi\u00f3n Metropolitana. Seg\u00fan inform\u00f3 la Polic\u00eda de Investigaciones, se trata de un ciudadano boliviano. El comisario Danilo Sep\u00falveda, de la BH Centro Norte, detall\u00f3 que el hallazgo se registr\u00f3 a las 20:20 horas del martes, por lo que se solicit\u00f3 la presencia de la brigada, junto al Laboratorio de Criminal\u00edstica, quienes llegaron hasta el Camino El Noviciado con Parcela Veintitr\u00e9s. Fue un residente del sector que transitaba por un camino vecinal quien encontr\u00f3 el cuerpo en la v\u00eda p\u00fablica.<\/p>\n<p>Tras el hallazgo, las primeras pericias dieron cuenta de que el cuerpo presentaba impactos de bala en la cabeza y en el abdomen. Tambi\u00e9n se encontraron evidencias bal\u00edsticas en el lugar. La v\u00edctima manten\u00eda un RUT chileno, por lo que se tratar\u00eda de una persona regular en el pa\u00eds. Desde el Ministerio P\u00fablico a\u00f1adieron que trabajan en la posibilidad de recopilar im\u00e1genes de c\u00e1maras que puedan dar cuenta de la din\u00e1mica de los hechos, adem\u00e1s de otras pericias. Finalmente, detallaron que la v\u00edctima habr\u00eda estado con vida al momento del hallazgo.<\/p>\n","protected":false},"excerpt":{"rendered":"<p>El cuerpo de un hombre de 40 a\u00f1os, con tres impactos de bala, fue encontrado la noche del martes en Lampa, regi\u00f3n Metropolitana. Seg\u00fan inform\u00f3 la Polic\u00eda de Investigaciones, se trata de un ciudadano boliviano. El comisario Danilo Sep\u00falveda, de la BH Centro Norte, detall\u00f3 que el hallazgo se registr\u00f3 a las 20:20 horas del [&hellip;]<\/p>\n","protected":false},"author":2,"featured_media":17777,"comment_status":"closed","ping_status":"open","sticky":false,"template":"","format":"standard","meta":{"_jetpack_memberships_contains_paid_content":false,"jnews-multi-image_gallery":[],"jnews_single_post":[],"jnews_primary_category":[],"jnews_social_meta":[],"jnews_paywall_metabox":[],"jnews_review":[],"enable_review":"","type":"","name":"","summary":"","brand":"","sku":"","good":[],"bad":[],"score_override":"","override_value":"","rating":[],"price":[],"jnews_override_counter":[],"jnews_post_split":[],"footnotes":""},"categories":[21],"tags":[],"class_list":["post-17778","post","type-post","status-publish","format-standard","has-post-thumbnail","hentry","category-nacional"],"jetpack_featured_media_url":"https:\/\/laserenaradio.cl\/web\/wp-content\/uploads\/2025\/07\/homepiaiextractoscrapimg_webpcuerpohallazgoimpactosbala_1.webp","jetpack_sharing_enabled":true,"_links":{"self":[{"href":"https:\/\/laserenaradio.cl\/web\/wp-json\/wp\/v2\/posts\/17778","targetHints":{"allow":["GET"]}}],"collection":[{"href":"https:\/\/laserenaradio.cl\/web\/wp-json\/wp\/v2\/posts"}],"about":[{"href":"https:\/\/laserenaradio.cl\/web\/wp-json\/wp\/v2\/types\/post"}],"author":[{"embeddable":true,"href":"https:\/\/laserenaradio.cl\/web\/wp-json\/wp\/v2\/users\/2"}],"replies":[{"embeddable":true,"href":"https:\/\/laserenaradio.cl\/web\/wp-json\/wp\/v2\/comments?post=17778"}],"version-history":[{"count":1,"href":"https:\/\/laserenaradio.cl\/web\/wp-json\/wp\/v2\/posts\/17778\/revisions"}],"predecessor-version":[{"id":17779,"href":"https:\/\/laserenaradio.cl\/web\/wp-json\/wp\/v2\/posts\/17778\/revisions\/17779"}],"wp:featuredmedia":[{"embeddable":true,"href":"https:\/\/laserenaradio.cl\/web\/wp-json\/wp\/v2\/media\/17777"}],"wp:attachment":[{"href":"https:\/\/laserenaradio.cl\/web\/wp-json\/wp\/v2\/media?parent=17778"}],"wp:term":[{"taxonomy":"category","embeddable":true,"href":"https:\/\/laserenaradio.cl\/web\/wp-json\/wp\/v2\/categories?post=17778"},{"taxonomy":"post_tag","embeddable":true,"href":"https:\/\/laserenaradio.cl\/web\/wp-json\/wp\/v2\/tags?post=17778"}],"curies":[{"name":"wp","href":"https:\/\/api.w.org\/{rel}","templated":true}]}}