{"id":17775,"date":"2025-07-16T20:41:40","date_gmt":"2025-07-16T23:41:40","guid":{"rendered":"https:\/\/laserenaradio.cl\/web\/?p=17775"},"modified":"2025-07-16T20:41:40","modified_gmt":"2025-07-16T23:41:40","slug":"alexis-sanchez-se-aleja-de-udinese","status":"publish","type":"post","link":"https:\/\/laserenaradio.cl\/web\/2025\/07\/16\/alexis-sanchez-se-aleja-de-udinese\/","title":{"rendered":"Alexis S\u00e1nchez se aleja de Udinese"},"content":{"rendered":"<p>Alexis S\u00e1nchez parece cada d\u00eda m\u00e1s lejos de Udinese. Rumores sobre la partida del delantero chileno de la Serie A se intensificaron en las \u00faltimas horas, luego de una entrevista del director deportivo del conjunto del \u2018Friuli\u2019, Gokhan Inler.<\/p>\n<p>Inler, exfutbolista, protagoniz\u00f3 una nota con La Gazzetta dello Sport, el medio deportivo m\u00e1s importante de Italia. En ella debi\u00f3 responder a la consulta sobre el posible adi\u00f3s del tocopillano. &#8220;Los friulanos preguntan por S\u00e1nchez, que por ahora no est\u00e1&#8221;, afirm\u00f3 el periodista Francesco Velluzzi, ya que Alexis no ha sido visto en el regreso a los entrenamientos.<\/p>\n<p>Inler respondi\u00f3: &#8220;Es un gran jugador, afectado por una larga lesi\u00f3n. Regres\u00f3 en diciembre&#8221;. Sin embargo, lo m\u00e1s llamativo del directivo vino despu\u00e9s: &#8220;S\u00e1nchez se comport\u00f3 como un profesional. Sigue siendo nuestro. Si quiere venir\u2026&#8221;, a\u00f1adi\u00f3, dejando en evidencia que la relaci\u00f3n con el chileno ya no es la mejor y que este tiene importantes chances de partir.<\/p>\n<p>Seg\u00fan reportes de medios europeos, Alexis S\u00e1nchez estar\u00eda muy cerca de fichar por el Fenerbahce turco, club donde coincidir\u00eda nuevamente con el reconocido entrenador Jose Mourinho.<\/p>\n","protected":false},"excerpt":{"rendered":"<p>Alexis S\u00e1nchez parece cada d\u00eda m\u00e1s lejos de Udinese. Rumores sobre la partida del delantero chileno de la Serie A se intensificaron en las \u00faltimas horas, luego de una entrevista del director deportivo del conjunto del \u2018Friuli\u2019, Gokhan Inler. Inler, exfutbolista, protagoniz\u00f3 una nota con La Gazzetta dello Sport, el medio deportivo m\u00e1s importante de [&hellip;]<\/p>\n","protected":false},"author":2,"featured_media":17774,"comment_status":"closed","ping_status":"open","sticky":false,"template":"","format":"standard","meta":{"_jetpack_memberships_contains_paid_content":false,"jnews-multi-image_gallery":[],"jnews_single_post":[],"jnews_primary_category":[],"jnews_social_meta":[],"jnews_paywall_metabox":[],"jnews_review":[],"enable_review":"","type":"","name":"","summary":"","brand":"","sku":"","good":[],"bad":[],"score_override":"","override_value":"","rating":[],"price":[],"jnews_override_counter":[],"jnews_post_split":[],"footnotes":""},"categories":[84],"tags":[],"class_list":["post-17775","post","type-post","status-publish","format-standard","has-post-thumbnail","hentry","category-deportes"],"jetpack_featured_media_url":"https:\/\/laserenaradio.cl\/web\/wp-content\/uploads\/2025\/07\/homepiaiextractoscrapimg_webpAlexisUdinesesobrechileno_0.webp","jetpack_sharing_enabled":true,"_links":{"self":[{"href":"https:\/\/laserenaradio.cl\/web\/wp-json\/wp\/v2\/posts\/17775","targetHints":{"allow":["GET"]}}],"collection":[{"href":"https:\/\/laserenaradio.cl\/web\/wp-json\/wp\/v2\/posts"}],"about":[{"href":"https:\/\/laserenaradio.cl\/web\/wp-json\/wp\/v2\/types\/post"}],"author":[{"embeddable":true,"href":"https:\/\/laserenaradio.cl\/web\/wp-json\/wp\/v2\/users\/2"}],"replies":[{"embeddable":true,"href":"https:\/\/laserenaradio.cl\/web\/wp-json\/wp\/v2\/comments?post=17775"}],"version-history":[{"count":1,"href":"https:\/\/laserenaradio.cl\/web\/wp-json\/wp\/v2\/posts\/17775\/revisions"}],"predecessor-version":[{"id":17776,"href":"https:\/\/laserenaradio.cl\/web\/wp-json\/wp\/v2\/posts\/17775\/revisions\/17776"}],"wp:featuredmedia":[{"embeddable":true,"href":"https:\/\/laserenaradio.cl\/web\/wp-json\/wp\/v2\/media\/17774"}],"wp:attachment":[{"href":"https:\/\/laserenaradio.cl\/web\/wp-json\/wp\/v2\/media?parent=17775"}],"wp:term":[{"taxonomy":"category","embeddable":true,"href":"https:\/\/laserenaradio.cl\/web\/wp-json\/wp\/v2\/categories?post=17775"},{"taxonomy":"post_tag","embeddable":true,"href":"https:\/\/laserenaradio.cl\/web\/wp-json\/wp\/v2\/tags?post=17775"}],"curies":[{"name":"wp","href":"https:\/\/api.w.org\/{rel}","templated":true}]}}