{"id":17772,"date":"2025-07-16T20:39:46","date_gmt":"2025-07-16T23:39:46","guid":{"rendered":"https:\/\/laserenaradio.cl\/web\/?p=17772"},"modified":"2025-07-16T20:39:46","modified_gmt":"2025-07-16T23:39:46","slug":"condena-por-abuso-sexual-a-sobrinos-menores-de-edad","status":"publish","type":"post","link":"https:\/\/laserenaradio.cl\/web\/2025\/07\/16\/condena-por-abuso-sexual-a-sobrinos-menores-de-edad\/","title":{"rendered":"Condena por abuso sexual a sobrinos menores de edad"},"content":{"rendered":"<p>El Tribunal Oral en lo Penal de Temuco conden\u00f3 a 15 a\u00f1os de presidio a una mujer por abusar sexualmente de tres sobrinos menores de edad.<\/p>\n<p>Los delitos ocurrieron entre 2006 y 2022, un periodo de 16 a\u00f1os. La victimizaci\u00f3n comenz\u00f3 cuando el menor ten\u00eda solo 4 a\u00f1os, y continu\u00f3 hasta que los otros dos ten\u00edan 6 y 8 a\u00f1os respectivamente.<\/p>\n<p>La mujer abusaba aprovechando su rol como cuidadora y adulto responsable del hogar, ya que la madre de los ni\u00f1os se encontraba estudiando y trabajando. <\/p>\n<p>El fiscal Pablo Salas detall\u00f3 que estos hechos ocurrieron en un domicilio del sector Santa Rosa, en la capital regional de La Araucan\u00eda.<\/p>\n<p>La condena fue dictada por tres juezas, quien resolvieron aplicar una pena \u00fanica de 15 a\u00f1os y un d\u00eda de presidio, adem\u00e1s de medidas accesorias.<\/p>\n","protected":false},"excerpt":{"rendered":"<p>El Tribunal Oral en lo Penal de Temuco conden\u00f3 a 15 a\u00f1os de presidio a una mujer por abusar sexualmente de tres sobrinos menores de edad. Los delitos ocurrieron entre 2006 y 2022, un periodo de 16 a\u00f1os. La victimizaci\u00f3n comenz\u00f3 cuando el menor ten\u00eda solo 4 a\u00f1os, y continu\u00f3 hasta que los otros dos [&hellip;]<\/p>\n","protected":false},"author":2,"featured_media":17771,"comment_status":"closed","ping_status":"open","sticky":false,"template":"","format":"standard","meta":{"_jetpack_memberships_contains_paid_content":false,"jnews-multi-image_gallery":[],"jnews_single_post":[],"jnews_primary_category":[],"jnews_social_meta":[],"jnews_paywall_metabox":[],"jnews_review":[],"enable_review":"","type":"","name":"","summary":"","brand":"","sku":"","good":[],"bad":[],"score_override":"","override_value":"","rating":[],"price":[],"jnews_override_counter":[],"jnews_post_split":[],"footnotes":""},"categories":[21],"tags":[],"class_list":["post-17772","post","type-post","status-publish","format-standard","has-post-thumbnail","hentry","category-nacional"],"jetpack_featured_media_url":"https:\/\/laserenaradio.cl\/web\/wp-content\/uploads\/2025\/07\/homepiaiextractoscrapimg_predeterminadalaserenaradio_nacional-20.webp","jetpack_sharing_enabled":true,"_links":{"self":[{"href":"https:\/\/laserenaradio.cl\/web\/wp-json\/wp\/v2\/posts\/17772","targetHints":{"allow":["GET"]}}],"collection":[{"href":"https:\/\/laserenaradio.cl\/web\/wp-json\/wp\/v2\/posts"}],"about":[{"href":"https:\/\/laserenaradio.cl\/web\/wp-json\/wp\/v2\/types\/post"}],"author":[{"embeddable":true,"href":"https:\/\/laserenaradio.cl\/web\/wp-json\/wp\/v2\/users\/2"}],"replies":[{"embeddable":true,"href":"https:\/\/laserenaradio.cl\/web\/wp-json\/wp\/v2\/comments?post=17772"}],"version-history":[{"count":1,"href":"https:\/\/laserenaradio.cl\/web\/wp-json\/wp\/v2\/posts\/17772\/revisions"}],"predecessor-version":[{"id":17773,"href":"https:\/\/laserenaradio.cl\/web\/wp-json\/wp\/v2\/posts\/17772\/revisions\/17773"}],"wp:featuredmedia":[{"embeddable":true,"href":"https:\/\/laserenaradio.cl\/web\/wp-json\/wp\/v2\/media\/17771"}],"wp:attachment":[{"href":"https:\/\/laserenaradio.cl\/web\/wp-json\/wp\/v2\/media?parent=17772"}],"wp:term":[{"taxonomy":"category","embeddable":true,"href":"https:\/\/laserenaradio.cl\/web\/wp-json\/wp\/v2\/categories?post=17772"},{"taxonomy":"post_tag","embeddable":true,"href":"https:\/\/laserenaradio.cl\/web\/wp-json\/wp\/v2\/tags?post=17772"}],"curies":[{"name":"wp","href":"https:\/\/api.w.org\/{rel}","templated":true}]}}