{"id":17754,"date":"2025-07-15T22:12:00","date_gmt":"2025-07-16T01:12:00","guid":{"rendered":"https:\/\/laserenaradio.cl\/web\/?p=17754"},"modified":"2025-07-15T22:12:00","modified_gmt":"2025-07-16T01:12:00","slug":"servicio-de-impuestos-internos-denuncia-esquema-informal-de-prestamos-entre-funcionarios","status":"publish","type":"post","link":"https:\/\/laserenaradio.cl\/web\/2025\/07\/15\/servicio-de-impuestos-internos-denuncia-esquema-informal-de-prestamos-entre-funcionarios\/","title":{"rendered":"Servicio de Impuestos Internos denuncia esquema informal de pr\u00e9stamos entre funcionarios"},"content":{"rendered":"<p>El <a href=\"http:\/\/www.sii.cl\/\">Servicio de Impuestos Internos (SII)<\/a> present\u00f3 una denuncia ante el Ministerio P\u00fablico por posibles esquemas informales de pr\u00e9stamos e inversiones. El organismo, liderado por Javier Etcheberry, inici\u00f3 un sumario administrativo contra funcionarios sospechosos que participaban en la simulaci\u00f3n de documentaci\u00f3n y promesas de retribuci\u00f3n mensual.<\/p>\n<p>Dada la naturaleza de la presentaci\u00f3n recibida, el SII considera que los hechos pueden ser delitos de estafa. Por ello, se ha decidido denunciar ante el Ministerio P\u00fablico a todos los responsables involucrados en este esquema.<\/p>\n<p>Seg\u00fan informes internos, funcionarios del SII participaban en una operaci\u00f3n ilegal. Un individuo captaba recursos a trav\u00e9s de un grupo que aportaba dinero. Estos fondos financiaban pr\u00e9stamos informales a trav\u00e9s de una Corporaci\u00f3n Educacional, donde uno de los empleados gestionaba la entrega y el pago.<\/p>\n<p>Este sistema generaba beneficios personales incompatibles con las funciones del empleado p\u00fablico. Informes se\u00f1alan que un funcionario realiz\u00f3 aportes econ\u00f3micos superando los $180.000.000.<\/p>\n<p>El SII reafirma su compromiso con la transparencia y probidad, asegurando actuar con diligencia para perseguir responsabilidades en este caso, as\u00ed como cualquier situaci\u00f3n que viole sus valores institucionales.<\/p>\n","protected":false},"excerpt":{"rendered":"<p>El Servicio de Impuestos Internos (SII) present\u00f3 una denuncia ante el Ministerio P\u00fablico por posibles esquemas informales de pr\u00e9stamos e inversiones. El organismo, liderado por Javier Etcheberry, inici\u00f3 un sumario administrativo contra funcionarios sospechosos que participaban en la simulaci\u00f3n de documentaci\u00f3n y promesas de retribuci\u00f3n mensual. Dada la naturaleza de la presentaci\u00f3n recibida, el SII [&hellip;]<\/p>\n","protected":false},"author":2,"featured_media":17753,"comment_status":"closed","ping_status":"open","sticky":false,"template":"","format":"standard","meta":{"_jetpack_memberships_contains_paid_content":false,"jnews-multi-image_gallery":[],"jnews_single_post":[],"jnews_primary_category":[],"jnews_social_meta":[],"jnews_paywall_metabox":[],"jnews_review":[],"enable_review":"","type":"","name":"","summary":"","brand":"","sku":"","good":[],"bad":[],"score_override":"","override_value":"","rating":[],"price":[],"jnews_override_counter":[],"jnews_post_split":[],"footnotes":""},"categories":[21],"tags":[],"class_list":["post-17754","post","type-post","status-publish","format-standard","has-post-thumbnail","hentry","category-nacional"],"jetpack_featured_media_url":"https:\/\/laserenaradio.cl\/web\/wp-content\/uploads\/2025\/07\/homepiaiextractoscrapimg_webpfuncionariosServicioImpuestosInternosdenuncia_1.webp","jetpack_sharing_enabled":true,"_links":{"self":[{"href":"https:\/\/laserenaradio.cl\/web\/wp-json\/wp\/v2\/posts\/17754","targetHints":{"allow":["GET"]}}],"collection":[{"href":"https:\/\/laserenaradio.cl\/web\/wp-json\/wp\/v2\/posts"}],"about":[{"href":"https:\/\/laserenaradio.cl\/web\/wp-json\/wp\/v2\/types\/post"}],"author":[{"embeddable":true,"href":"https:\/\/laserenaradio.cl\/web\/wp-json\/wp\/v2\/users\/2"}],"replies":[{"embeddable":true,"href":"https:\/\/laserenaradio.cl\/web\/wp-json\/wp\/v2\/comments?post=17754"}],"version-history":[{"count":1,"href":"https:\/\/laserenaradio.cl\/web\/wp-json\/wp\/v2\/posts\/17754\/revisions"}],"predecessor-version":[{"id":17755,"href":"https:\/\/laserenaradio.cl\/web\/wp-json\/wp\/v2\/posts\/17754\/revisions\/17755"}],"wp:featuredmedia":[{"embeddable":true,"href":"https:\/\/laserenaradio.cl\/web\/wp-json\/wp\/v2\/media\/17753"}],"wp:attachment":[{"href":"https:\/\/laserenaradio.cl\/web\/wp-json\/wp\/v2\/media?parent=17754"}],"wp:term":[{"taxonomy":"category","embeddable":true,"href":"https:\/\/laserenaradio.cl\/web\/wp-json\/wp\/v2\/categories?post=17754"},{"taxonomy":"post_tag","embeddable":true,"href":"https:\/\/laserenaradio.cl\/web\/wp-json\/wp\/v2\/tags?post=17754"}],"curies":[{"name":"wp","href":"https:\/\/api.w.org\/{rel}","templated":true}]}}