{"id":17748,"date":"2025-07-15T21:13:46","date_gmt":"2025-07-16T00:13:46","guid":{"rendered":"https:\/\/laserenaradio.cl\/web\/?p=17748"},"modified":"2025-07-15T21:13:46","modified_gmt":"2025-07-16T00:13:46","slug":"la-liberacion-del-sicario-osmar-ferrer-ramirez-genera-preocupacion-en-el-gobierno-de-chile","status":"publish","type":"post","link":"https:\/\/laserenaradio.cl\/web\/2025\/07\/15\/la-liberacion-del-sicario-osmar-ferrer-ramirez-genera-preocupacion-en-el-gobierno-de-chile\/","title":{"rendered":"La liberaci\u00f3n del sicario Osmar Ferrer Ram\u00edrez genera preocupaci\u00f3n en el Gobierno de Chile."},"content":{"rendered":"<p>La ministra vocera Camila Vallejo expres\u00f3 su preocupaci\u00f3n sobre la liberaci\u00f3n del sicario Osmar Ferrer Ram\u00edrez, se\u00f1alando que este hecho erosiona la confianza en el sistema de Justicia Penal chileno. Durante una conversaci\u00f3n con ADN Radio, Vallejo indic\u00f3 que los esfuerzos realizados por polic\u00edas y <a href=\"https:\/\/www.fiscaliadechile.cl\/\">Fiscal\u00eda<\/a> para capturar al imputado se ven puestos a prueba ante esta situaci\u00f3n. &#8220;Todo ese esfuerzo de persecuci\u00f3n, de inteligencia, del trabajo de las polic\u00edas y Ministerio P\u00fablico se ve afectado&#8221;, dijo la ministra.<\/p>\n<p>Agreg\u00f3 que &#8220;no dir\u00eda error, es un hecho de m\u00e1xima gravedad&#8221;. Vallejo subray\u00f3 que a\u00fan no se sabe con certeza qu\u00e9 ha ocurrido, afirmando que &#8220;eso es algo que arrojar\u00e1 la investigaci\u00f3n&#8221;. Se\u00f1al\u00f3 que la orden de liberaci\u00f3n eman\u00f3 desde el Poder Judicial y que a\u00fan se desconoce la raz\u00f3n. &#8220;Es grave&#8221;, puntualiz\u00f3.<\/p>\n<p>Vallejo tambi\u00e9n mencion\u00f3 dos posibles hip\u00f3tesis: podr\u00eda haber sido un error de tipeo en el nombre del sicario en la solicitud enviada a <a href=\"http:\/\/www.gendarmeria.gob.cl\/\">Gendarmer\u00eda<\/a> por el Poder Judicial, o no contar\u00eda con un RUT, que suele asignarse a extranjeros para este tipo de procedimientos. Sin embargo, indic\u00f3 que &#8220;haya sido un error, o haya sido suplantaci\u00f3n de identidad u otra cosa, no deja de ser un hecho de mucha gravedad&#8221;.<\/p>\n<p>En referencia a las declaraciones de la candidata presidencial Evelyn Matthei y el candidato Franco Parisi, Vallejo mencion\u00f3 que se solicitaron llamar al Consejo de Seguridad Nacional de Chile (Cosena) por este tema. Sin embargo, el ministro de Seguridad P\u00fablica, Luis Cordero, ha indicado que no es \u00fatil llamar a Cosena para los efectos inmediatos buscados. Vallejo explic\u00f3 que el Ejecutivo busca &#8220;tomar los espacios de trabajo y las iniciativas que m\u00e1s sean funcionales al objetivo que se desea perseguir&#8221;.<\/p>\n","protected":false},"excerpt":{"rendered":"<p>La ministra vocera Camila Vallejo expres\u00f3 su preocupaci\u00f3n sobre la liberaci\u00f3n del sicario Osmar Ferrer Ram\u00edrez, se\u00f1alando que este hecho erosiona la confianza en el sistema de Justicia Penal chileno. Durante una conversaci\u00f3n con ADN Radio, Vallejo indic\u00f3 que los esfuerzos realizados por polic\u00edas y Fiscal\u00eda para capturar al imputado se ven puestos a prueba [&hellip;]<\/p>\n","protected":false},"author":2,"featured_media":17747,"comment_status":"closed","ping_status":"open","sticky":false,"template":"","format":"standard","meta":{"_jetpack_memberships_contains_paid_content":false,"jnews-multi-image_gallery":[],"jnews_single_post":[],"jnews_primary_category":[],"jnews_social_meta":[],"jnews_paywall_metabox":[],"jnews_review":[],"enable_review":"","type":"","name":"","summary":"","brand":"","sku":"","good":[],"bad":[],"score_override":"","override_value":"","rating":[],"price":[],"jnews_override_counter":[],"jnews_post_split":[],"footnotes":""},"categories":[21],"tags":[],"class_list":["post-17748","post","type-post","status-publish","format-standard","has-post-thumbnail","hentry","category-nacional"],"jetpack_featured_media_url":"https:\/\/laserenaradio.cl\/web\/wp-content\/uploads\/2025\/07\/homepiaiextractoscrapimg_webpVallejosicariohechoerror_0.webp","jetpack_sharing_enabled":true,"_links":{"self":[{"href":"https:\/\/laserenaradio.cl\/web\/wp-json\/wp\/v2\/posts\/17748","targetHints":{"allow":["GET"]}}],"collection":[{"href":"https:\/\/laserenaradio.cl\/web\/wp-json\/wp\/v2\/posts"}],"about":[{"href":"https:\/\/laserenaradio.cl\/web\/wp-json\/wp\/v2\/types\/post"}],"author":[{"embeddable":true,"href":"https:\/\/laserenaradio.cl\/web\/wp-json\/wp\/v2\/users\/2"}],"replies":[{"embeddable":true,"href":"https:\/\/laserenaradio.cl\/web\/wp-json\/wp\/v2\/comments?post=17748"}],"version-history":[{"count":1,"href":"https:\/\/laserenaradio.cl\/web\/wp-json\/wp\/v2\/posts\/17748\/revisions"}],"predecessor-version":[{"id":17749,"href":"https:\/\/laserenaradio.cl\/web\/wp-json\/wp\/v2\/posts\/17748\/revisions\/17749"}],"wp:featuredmedia":[{"embeddable":true,"href":"https:\/\/laserenaradio.cl\/web\/wp-json\/wp\/v2\/media\/17747"}],"wp:attachment":[{"href":"https:\/\/laserenaradio.cl\/web\/wp-json\/wp\/v2\/media?parent=17748"}],"wp:term":[{"taxonomy":"category","embeddable":true,"href":"https:\/\/laserenaradio.cl\/web\/wp-json\/wp\/v2\/categories?post=17748"},{"taxonomy":"post_tag","embeddable":true,"href":"https:\/\/laserenaradio.cl\/web\/wp-json\/wp\/v2\/tags?post=17748"}],"curies":[{"name":"wp","href":"https:\/\/api.w.org\/{rel}","templated":true}]}}