{"id":17744,"date":"2025-07-15T21:09:39","date_gmt":"2025-07-16T00:09:39","guid":{"rendered":"https:\/\/laserenaradio.cl\/web\/?p=17744"},"modified":"2025-07-15T21:10:43","modified_gmt":"2025-07-16T00:10:43","slug":"sindicatos-cuestionan-certificado-laboral-que-profundizaria-desigualdades","status":"publish","type":"post","link":"https:\/\/laserenaradio.cl\/web\/2025\/07\/15\/sindicatos-cuestionan-certificado-laboral-que-profundizaria-desigualdades\/","title":{"rendered":"Sindicatos cuestionan certificado laboral que &#8220;profundizar\u00eda desigualdades&#8221;"},"content":{"rendered":"\n<p>El certificado laboral creado por Cualiffy ha generado preocupaciones en la Central Unitaria de Trabajadores (CUT), liderada por Jos\u00e9 Manuel D\u00edaz. En una misiva dirigida al director del Trabajo, Pablo Zenteno, la multisindical solicit\u00f3 un pronunciamiento sobre este instrumento que recoge datos como licencias m\u00e9dicas y historiales judiciales laborales.<\/p>\n\n\n\n<p>La CUT advirti\u00f3 que si el certificado laboral se implementa sin regulaci\u00f3n clara, podr\u00eda profundizar desigualdades y debilitar las libertades fundamentales en el \u00e1mbito laboral. Para la organizaci\u00f3n sindical, este certificado podr\u00eda abrir la puerta a pr\u00e1cticas discriminatorias.<\/p>\n\n\n\n<p>\u00bfC\u00f3mo garantizar que un despido por enfermedad o una disputa legal no se convierta en barrera para quienes buscan trabajo? \u00bfQu\u00e9 pasar\u00e1 con aquellos que cuidan a familiares enfermos o que trabajaron de manera independiente? Estas son preguntas cuya respuesta preocupa a la CUT.<\/p>\n\n\n\n<p>Desde su experiencia colectiva, la multisindical sostiene que el valor de una persona no puede medirse por datos m\u00e9dicos o judiciales. El uso de estos datos para filtrar postulantes profundiza la precariedad y erosiona la confianza entre empleador y trabajador.<\/p>\n\n\n\n<p>Para la organizaci\u00f3n sindical, aunque la tecnolog\u00eda puede agilizar procesos, esto no debe hacerse a costa de los derechos fundamentales, la privacidad, la igualdad de oportunidades o el principio de buena fe en la contrataci\u00f3n. Solicitan que se establezcan los l\u00edmites legales y \u00e9ticos de esta iniciativa privada.<\/p>\n\n\n\n<p>Un mercado laboral justo requiere normas claras y una autoridad dispuesta a resguardar el respeto a la persona y al trabajador en cada etapa del v\u00ednculo laboral, concluyen en su misiva.<\/p>\n\n\n\n<p>Esta no es la \u00fanica solicitud que se ha hecho. Felipe Malg\u00fce, exinspector del Trabajo, tambi\u00e9n pidi\u00f3 al servicio informar si el certificado de antecedentes laborales emitido por Cualiffy vulnera los derechos fundamentales de los trabajadores o ajusta a la normativa vigente.<\/p>\n\n\n\n<p>Adem\u00e1s, la Comisi\u00f3n de Trabajo de la C\u00e1mara de Diputados envi\u00f3 un oficio a la <a href=\"http:\/\/www.dt.gob.cl\/\">Direcci\u00f3n del Trabajo<\/a> sobre este tema.<\/p>\n\n\n\n<figure class=\"wp-block-embed is-type-rich is-provider-twitter wp-block-embed-twitter\"><div class=\"wp-block-embed__wrapper\">\n<div class=\"embed-twitter\"><blockquote class=\"twitter-tweet\" data-width=\"500\" data-dnt=\"true\"><p lang=\"es\" dir=\"ltr\">Desde la CUT Chile alzamos la voz para defender la dignidad y los derechos laborales frente al \u201ccertificado laboral\u201d de Cualiffy, que podr\u00eda instaurar barreras y pr\u00e1cticas discriminatorias en los procesos de contrataci\u00f3n. <br>Solicitamos un pronunciamiento a la Direcci\u00f3n del\u2026 <a href=\"https:\/\/t.co\/PgFlDVqI99\">pic.twitter.com\/PgFlDVqI99<\/a><\/p>&mdash; CUT Chile \u270d\ufe0f\ud83d\uddf3 (@Cutchile) <a href=\"https:\/\/twitter.com\/Cutchile\/status\/1945245564079366414?ref_src=twsrc%5Etfw\">July 15, 2025<\/a><\/blockquote><script async src=\"https:\/\/platform.twitter.com\/widgets.js\" charset=\"utf-8\"><\/script><\/div>\n<\/div><\/figure>\n","protected":false},"excerpt":{"rendered":"<p>El certificado laboral creado por Cualiffy ha generado preocupaciones en la Central Unitaria de Trabajadores (CUT), liderada por Jos\u00e9 Manuel D\u00edaz. En una misiva dirigida al director del Trabajo, Pablo Zenteno, la multisindical solicit\u00f3 un pronunciamiento sobre este instrumento que recoge datos como licencias m\u00e9dicas y historiales judiciales laborales. La CUT advirti\u00f3 que si el [&hellip;]<\/p>\n","protected":false},"author":2,"featured_media":17743,"comment_status":"closed","ping_status":"open","sticky":false,"template":"","format":"standard","meta":{"_jetpack_memberships_contains_paid_content":false,"jnews-multi-image_gallery":[],"jnews_single_post":{"format":"standard"},"jnews_primary_category":[],"jnews_social_meta":[],"jnews_paywall_metabox":[],"jnews_review":[],"enable_review":"","type":"","name":"","summary":"","brand":"","sku":"","good":[],"bad":[],"score_override":"","override_value":"","rating":[],"price":[],"jnews_override_counter":[],"jnews_post_split":[],"footnotes":""},"categories":[21],"tags":[],"class_list":["post-17744","post","type-post","status-publish","format-standard","has-post-thumbnail","hentry","category-nacional"],"jetpack_featured_media_url":"https:\/\/laserenaradio.cl\/web\/wp-content\/uploads\/2025\/07\/homepiaiextractoscrapimg_predeterminadalaserenaradio_nacional-19.webp","jetpack_sharing_enabled":true,"_links":{"self":[{"href":"https:\/\/laserenaradio.cl\/web\/wp-json\/wp\/v2\/posts\/17744","targetHints":{"allow":["GET"]}}],"collection":[{"href":"https:\/\/laserenaradio.cl\/web\/wp-json\/wp\/v2\/posts"}],"about":[{"href":"https:\/\/laserenaradio.cl\/web\/wp-json\/wp\/v2\/types\/post"}],"author":[{"embeddable":true,"href":"https:\/\/laserenaradio.cl\/web\/wp-json\/wp\/v2\/users\/2"}],"replies":[{"embeddable":true,"href":"https:\/\/laserenaradio.cl\/web\/wp-json\/wp\/v2\/comments?post=17744"}],"version-history":[{"count":2,"href":"https:\/\/laserenaradio.cl\/web\/wp-json\/wp\/v2\/posts\/17744\/revisions"}],"predecessor-version":[{"id":17746,"href":"https:\/\/laserenaradio.cl\/web\/wp-json\/wp\/v2\/posts\/17744\/revisions\/17746"}],"wp:featuredmedia":[{"embeddable":true,"href":"https:\/\/laserenaradio.cl\/web\/wp-json\/wp\/v2\/media\/17743"}],"wp:attachment":[{"href":"https:\/\/laserenaradio.cl\/web\/wp-json\/wp\/v2\/media?parent=17744"}],"wp:term":[{"taxonomy":"category","embeddable":true,"href":"https:\/\/laserenaradio.cl\/web\/wp-json\/wp\/v2\/categories?post=17744"},{"taxonomy":"post_tag","embeddable":true,"href":"https:\/\/laserenaradio.cl\/web\/wp-json\/wp\/v2\/tags?post=17744"}],"curies":[{"name":"wp","href":"https:\/\/api.w.org\/{rel}","templated":true}]}}