{"id":17741,"date":"2025-07-15T20:57:32","date_gmt":"2025-07-15T23:57:32","guid":{"rendered":"https:\/\/laserenaradio.cl\/web\/?p=17741"},"modified":"2025-07-15T20:57:32","modified_gmt":"2025-07-15T23:57:32","slug":"liberan-a-sicario-acusado-de-asesinar-a-rey-de-meiggs","status":"publish","type":"post","link":"https:\/\/laserenaradio.cl\/web\/2025\/07\/15\/liberan-a-sicario-acusado-de-asesinar-a-rey-de-meiggs\/","title":{"rendered":"Liberan a sicario acusado de asesinar a &#8220;Rey de Meiggs&#8221;"},"content":{"rendered":"<p>Este martes, la Agrupaci\u00f3n de Familias Contra el Crimen Organizado manifest\u00f3 su indignaci\u00f3n y preocupaci\u00f3n tras la liberaci\u00f3n de Osmar Ferrer, sicario acusado de asesinar al denominado &#8220;Rey de Meiggs&#8221;. Este hecho ha encendido las alarmas en el debate p\u00fablico acerca de la vulnerabilidad del Poder Judicial.<\/p>\n<p>Para este grupo, compuesto por personas que han sido v\u00edctimas de la violencia narco, lo ocurrido el pasado 10 de julio y en las \u00faltimas horas sobre Ferrer no es un simple error: &#8220;El avance del crimen organizado no solo en las calles, sino dentro del propio Estado&#8221;, sostuvo Karen Osorio, vocera de la agrupaci\u00f3n.<\/p>\n<p>Bajo esta situaci\u00f3n, la agrupaci\u00f3n exigi\u00f3 explicaciones, ya que esto &#8220;no solo atenta contra la justicia, sino que tambi\u00e9n contra la vida de nuestras familias&#8221;. Asimismo, enfatizaron en que no se puede permitir que el crimen organizado opere con &#8220;impunidad institucional&#8221;.<\/p>\n<p>Bajo ese contexto, la Agrupaci\u00f3n exigi\u00f3 medidas al Estado. El pasado 10 de julio Ferrer abandon\u00f3 la ex Penitenciar\u00eda debido a una serie de errores judiciales y administrativos que a\u00fan no han sido esclarecidos.<\/p>\n<p>Por el momento, se conoce que la jueza Irene Rodr\u00edguez del Octavo Juzgado de Garant\u00eda de Santiago decret\u00f3 la prisi\u00f3n preventiva de Ferrer y otros dos imputados de nacionalidad venezolana. Los tres est\u00e1n acusados de tener v\u00ednculos con el Tren de Aragua y de ser los sicarios que asesinaron, a plena luz del d\u00eda, al empresario Jos\u00e9 Felipe Reyes Ossa.<\/p>\n<p>Sin embargo, seg\u00fan asegur\u00f3 el Poder Judicial, hubo un error en la identidad de Ferrer en la resoluci\u00f3n judicial, por lo que se emiti\u00f3 un segundo documento que anulaba la medida cautelar. Para luego emitir una tercera resoluci\u00f3n que confirmaba la medida pero con los datos correctos.<\/p>\n<p>A pesar de que el Poder Judicial y la presidenta Gloria Ana Chevesich aseguraron haber advertido a <a href=\"http:\/\/www.gendarmeria.gob.cl\/\">Gendarmer\u00eda<\/a> que Ferrer deb\u00eda seguir en la c\u00e1rcel, la instituci\u00f3n se bas\u00f3 en la segunda orden para liberarlo. Hoy, el paradero de Ferrer es desconocido y se activ\u00f3 una orden de captura internacional en su contra para dar con su ubicaci\u00f3n.<\/p>\n","protected":false},"excerpt":{"rendered":"<p>Este martes, la Agrupaci\u00f3n de Familias Contra el Crimen Organizado manifest\u00f3 su indignaci\u00f3n y preocupaci\u00f3n tras la liberaci\u00f3n de Osmar Ferrer, sicario acusado de asesinar al denominado &#8220;Rey de Meiggs&#8221;. Este hecho ha encendido las alarmas en el debate p\u00fablico acerca de la vulnerabilidad del Poder Judicial. Para este grupo, compuesto por personas que han [&hellip;]<\/p>\n","protected":false},"author":2,"featured_media":17740,"comment_status":"closed","ping_status":"open","sticky":false,"template":"","format":"standard","meta":{"_jetpack_memberships_contains_paid_content":false,"jnews-multi-image_gallery":[],"jnews_single_post":[],"jnews_primary_category":[],"jnews_social_meta":[],"jnews_paywall_metabox":[],"jnews_review":[],"enable_review":"","type":"","name":"","summary":"","brand":"","sku":"","good":[],"bad":[],"score_override":"","override_value":"","rating":[],"price":[],"jnews_override_counter":[],"jnews_post_split":[],"footnotes":""},"categories":[21],"tags":[],"class_list":["post-17741","post","type-post","status-publish","format-standard","has-post-thumbnail","hentry","category-nacional"],"jetpack_featured_media_url":"https:\/\/laserenaradio.cl\/web\/wp-content\/uploads\/2025\/07\/homepiaiextractoscrapimg_predeterminadalaserenaradio_nacional-18.webp","jetpack_sharing_enabled":true,"_links":{"self":[{"href":"https:\/\/laserenaradio.cl\/web\/wp-json\/wp\/v2\/posts\/17741","targetHints":{"allow":["GET"]}}],"collection":[{"href":"https:\/\/laserenaradio.cl\/web\/wp-json\/wp\/v2\/posts"}],"about":[{"href":"https:\/\/laserenaradio.cl\/web\/wp-json\/wp\/v2\/types\/post"}],"author":[{"embeddable":true,"href":"https:\/\/laserenaradio.cl\/web\/wp-json\/wp\/v2\/users\/2"}],"replies":[{"embeddable":true,"href":"https:\/\/laserenaradio.cl\/web\/wp-json\/wp\/v2\/comments?post=17741"}],"version-history":[{"count":1,"href":"https:\/\/laserenaradio.cl\/web\/wp-json\/wp\/v2\/posts\/17741\/revisions"}],"predecessor-version":[{"id":17742,"href":"https:\/\/laserenaradio.cl\/web\/wp-json\/wp\/v2\/posts\/17741\/revisions\/17742"}],"wp:featuredmedia":[{"embeddable":true,"href":"https:\/\/laserenaradio.cl\/web\/wp-json\/wp\/v2\/media\/17740"}],"wp:attachment":[{"href":"https:\/\/laserenaradio.cl\/web\/wp-json\/wp\/v2\/media?parent=17741"}],"wp:term":[{"taxonomy":"category","embeddable":true,"href":"https:\/\/laserenaradio.cl\/web\/wp-json\/wp\/v2\/categories?post=17741"},{"taxonomy":"post_tag","embeddable":true,"href":"https:\/\/laserenaradio.cl\/web\/wp-json\/wp\/v2\/tags?post=17741"}],"curies":[{"name":"wp","href":"https:\/\/api.w.org\/{rel}","templated":true}]}}