{"id":17738,"date":"2025-07-15T20:53:52","date_gmt":"2025-07-15T23:53:52","guid":{"rendered":"https:\/\/laserenaradio.cl\/web\/?p=17738"},"modified":"2025-07-15T20:53:52","modified_gmt":"2025-07-15T23:53:52","slug":"inspectores-cercanos-a-exrectora-del-inba-son-desvinculados-tras-suspension-de-benavides","status":"publish","type":"post","link":"https:\/\/laserenaradio.cl\/web\/2025\/07\/15\/inspectores-cercanos-a-exrectora-del-inba-son-desvinculados-tras-suspension-de-benavides\/","title":{"rendered":"Inspectores cercanos a exrectora del INBA son desvinculados tras suspensi\u00f3n de Benavides"},"content":{"rendered":"<p>Este martes, el Internado Nacional Barros Arana (INBA) experiment\u00f3 nuevas tensiones con la desvinculaci\u00f3n de cuatro inspectores cercanos a la rectora suspendida, Mar\u00eda Alejandra Benavides. Seg\u00fan La Tercera, estas salidas se justifican por \u201cfalta de confianza\u201d, lo que refuerza la percepci\u00f3n de cambios dr\u00e1sticos en la gesti\u00f3n del establecimiento.<\/p>\n<p>Adem\u00e1s, un quinto inspector fue trasladado, a\u00f1adiendo m\u00e1s incertidumbre al panorama ya en crisis. Este movimiento se suma a las acciones administrativas anunciadas el mi\u00e9rcoles 2 de julio, que incluyeron la petici\u00f3n de renuncia anticipada de Benavides.<\/p>\n<p>La mala evaluaci\u00f3n del desempe\u00f1o de Benavides durante 2024 fue un factor determinante en su dimisi\u00f3n. Aunque logr\u00f3 mejorar a 56 %, esta cifra qued\u00f3 lejos de los 71 % exigidos por el convenio firmado por ella misma.<\/p>\n<p>El alcalde de Santiago, Mario Desbordes (RN), ha reaccionado con urgencia a la situaci\u00f3n, afirmando que es necesario tomar medidas radicales para resolver la grave crisis que aqueja al INBA. Este jefe comunal expres\u00f3 su descontento con el estado de la educaci\u00f3n p\u00fablica en Santiago tras la gesti\u00f3n anterior.<\/p>\n<p>Fuentes cercanas al recinto educativo manifiestan su confusi\u00f3n sobre las decisiones administrativas, acusando a Desbordes de actuar de manera intencional para generar malestar. Actualmente, Gonzalo Saavedra ejerce como rector interino, nombrado por el alcalde tras la suspensi\u00f3n de Benavides.<\/p>\n<p>Inspectores generales del INBA informan que los canales formales no responden a sus peticiones, lo cual se considera preocupante. Adicionalmente, reportan un aumento en las manifestaciones violentas durante los tres meses que Saavedra ha estado al frente.<\/p>\n","protected":false},"excerpt":{"rendered":"<p>Este martes, el Internado Nacional Barros Arana (INBA) experiment\u00f3 nuevas tensiones con la desvinculaci\u00f3n de cuatro inspectores cercanos a la rectora suspendida, Mar\u00eda Alejandra Benavides. Seg\u00fan La Tercera, estas salidas se justifican por \u201cfalta de confianza\u201d, lo que refuerza la percepci\u00f3n de cambios dr\u00e1sticos en la gesti\u00f3n del establecimiento. Adem\u00e1s, un quinto inspector fue trasladado, [&hellip;]<\/p>\n","protected":false},"author":2,"featured_media":17737,"comment_status":"closed","ping_status":"open","sticky":false,"template":"","format":"standard","meta":{"_jetpack_memberships_contains_paid_content":false,"jnews-multi-image_gallery":[],"jnews_single_post":[],"jnews_primary_category":[],"jnews_social_meta":[],"jnews_paywall_metabox":[],"jnews_review":[],"enable_review":"","type":"","name":"","summary":"","brand":"","sku":"","good":[],"bad":[],"score_override":"","override_value":"","rating":[],"price":[],"jnews_override_counter":[],"jnews_post_split":[],"footnotes":""},"categories":[21],"tags":[],"class_list":["post-17738","post","type-post","status-publish","format-standard","has-post-thumbnail","hentry","category-nacional"],"jetpack_featured_media_url":"https:\/\/laserenaradio.cl\/web\/wp-content\/uploads\/2025\/07\/homepiaiextractoscrapimg_predeterminadalaserenaradio_nacional-17.webp","jetpack_sharing_enabled":true,"_links":{"self":[{"href":"https:\/\/laserenaradio.cl\/web\/wp-json\/wp\/v2\/posts\/17738","targetHints":{"allow":["GET"]}}],"collection":[{"href":"https:\/\/laserenaradio.cl\/web\/wp-json\/wp\/v2\/posts"}],"about":[{"href":"https:\/\/laserenaradio.cl\/web\/wp-json\/wp\/v2\/types\/post"}],"author":[{"embeddable":true,"href":"https:\/\/laserenaradio.cl\/web\/wp-json\/wp\/v2\/users\/2"}],"replies":[{"embeddable":true,"href":"https:\/\/laserenaradio.cl\/web\/wp-json\/wp\/v2\/comments?post=17738"}],"version-history":[{"count":1,"href":"https:\/\/laserenaradio.cl\/web\/wp-json\/wp\/v2\/posts\/17738\/revisions"}],"predecessor-version":[{"id":17739,"href":"https:\/\/laserenaradio.cl\/web\/wp-json\/wp\/v2\/posts\/17738\/revisions\/17739"}],"wp:featuredmedia":[{"embeddable":true,"href":"https:\/\/laserenaradio.cl\/web\/wp-json\/wp\/v2\/media\/17737"}],"wp:attachment":[{"href":"https:\/\/laserenaradio.cl\/web\/wp-json\/wp\/v2\/media?parent=17738"}],"wp:term":[{"taxonomy":"category","embeddable":true,"href":"https:\/\/laserenaradio.cl\/web\/wp-json\/wp\/v2\/categories?post=17738"},{"taxonomy":"post_tag","embeddable":true,"href":"https:\/\/laserenaradio.cl\/web\/wp-json\/wp\/v2\/tags?post=17738"}],"curies":[{"name":"wp","href":"https:\/\/api.w.org\/{rel}","templated":true}]}}