{"id":17732,"date":"2025-07-14T20:41:11","date_gmt":"2025-07-14T23:41:11","guid":{"rendered":"https:\/\/laserenaradio.cl\/web\/?p=17732"},"modified":"2025-07-14T20:41:11","modified_gmt":"2025-07-14T23:41:11","slug":"la-retencion-de-ingresos-de-camila-polizzi-asciende-a-684-mil","status":"publish","type":"post","link":"https:\/\/laserenaradio.cl\/web\/2025\/07\/14\/la-retencion-de-ingresos-de-camila-polizzi-asciende-a-684-mil\/","title":{"rendered":"La retenci\u00f3n de ingresos de Camila Polizzi asciende a $684 mil."},"content":{"rendered":"<p>Arsmate inform\u00f3 a la justicia que la retenci\u00f3n de los ingresos percibidos por Camila Polizzi en los \u00faltimos cuatro meses alcanz\u00f3 los 684 mil 156 pesos, muy por debajo de los 14 millones que la imputada en el caso Convenios obtuvo entre noviembre de 2024 y marzo de 2025.<\/p>\n<p>La semana pasada el Juzgado de Garant\u00eda de Concepci\u00f3n solicit\u00f3 la informaci\u00f3n, la misma que se requiri\u00f3 a la sociedad due\u00f1a del Club Diosas en Santiago, a ra\u00edz de los $8 millones que pag\u00f3 a Polizzi por los shows en los que particip\u00f3 el 4 y el 5 de julio.<\/p>\n<p>Fue el Consejo de Defensa del Estado (CDE) el que demand\u00f3 la retenci\u00f3n de los dineros, con el objetivo de recuperar los 250 millones de pesos que transfiri\u00f3 el Gobierno Regional a la Fundaci\u00f3n en abril de 2023 y que, seg\u00fan la <a href=\"https:\/\/www.fiscaliadechile.cl\/\">Fiscal\u00eda<\/a>, no fueron destinados a los programas sociales para los que hab\u00edan sido aprobados.<\/p>\n<p>Est\u00e1 pendiente el informe de la sociedad Inversiones Conecta, due\u00f1a del Diosas Club, aunque ya el abogado Francisco Garc\u00eda, a cargo de la defensa de Camila Polizzi, hab\u00eda informado que los dineros por las presentaciones en el local nocturno ya fueron pagados a su representada.<\/p>\n","protected":false},"excerpt":{"rendered":"<p>Arsmate inform\u00f3 a la justicia que la retenci\u00f3n de los ingresos percibidos por Camila Polizzi en los \u00faltimos cuatro meses alcanz\u00f3 los 684 mil 156 pesos, muy por debajo de los 14 millones que la imputada en el caso Convenios obtuvo entre noviembre de 2024 y marzo de 2025. La semana pasada el Juzgado de [&hellip;]<\/p>\n","protected":false},"author":2,"featured_media":17731,"comment_status":"closed","ping_status":"open","sticky":false,"template":"","format":"standard","meta":{"_jetpack_memberships_contains_paid_content":false,"jnews-multi-image_gallery":[],"jnews_single_post":[],"jnews_primary_category":[],"jnews_social_meta":[],"jnews_paywall_metabox":[],"jnews_review":[],"enable_review":"","type":"","name":"","summary":"","brand":"","sku":"","good":[],"bad":[],"score_override":"","override_value":"","rating":[],"price":[],"jnews_override_counter":[],"jnews_post_split":[],"footnotes":""},"categories":[21],"tags":[],"class_list":["post-17732","post","type-post","status-publish","format-standard","has-post-thumbnail","hentry","category-nacional"],"jetpack_featured_media_url":"https:\/\/laserenaradio.cl\/web\/wp-content\/uploads\/2025\/07\/homepiaiextractoscrapimg_predeterminadalaserenaradio_nacional-16.webp","jetpack_sharing_enabled":true,"_links":{"self":[{"href":"https:\/\/laserenaradio.cl\/web\/wp-json\/wp\/v2\/posts\/17732","targetHints":{"allow":["GET"]}}],"collection":[{"href":"https:\/\/laserenaradio.cl\/web\/wp-json\/wp\/v2\/posts"}],"about":[{"href":"https:\/\/laserenaradio.cl\/web\/wp-json\/wp\/v2\/types\/post"}],"author":[{"embeddable":true,"href":"https:\/\/laserenaradio.cl\/web\/wp-json\/wp\/v2\/users\/2"}],"replies":[{"embeddable":true,"href":"https:\/\/laserenaradio.cl\/web\/wp-json\/wp\/v2\/comments?post=17732"}],"version-history":[{"count":1,"href":"https:\/\/laserenaradio.cl\/web\/wp-json\/wp\/v2\/posts\/17732\/revisions"}],"predecessor-version":[{"id":17733,"href":"https:\/\/laserenaradio.cl\/web\/wp-json\/wp\/v2\/posts\/17732\/revisions\/17733"}],"wp:featuredmedia":[{"embeddable":true,"href":"https:\/\/laserenaradio.cl\/web\/wp-json\/wp\/v2\/media\/17731"}],"wp:attachment":[{"href":"https:\/\/laserenaradio.cl\/web\/wp-json\/wp\/v2\/media?parent=17732"}],"wp:term":[{"taxonomy":"category","embeddable":true,"href":"https:\/\/laserenaradio.cl\/web\/wp-json\/wp\/v2\/categories?post=17732"},{"taxonomy":"post_tag","embeddable":true,"href":"https:\/\/laserenaradio.cl\/web\/wp-json\/wp\/v2\/tags?post=17732"}],"curies":[{"name":"wp","href":"https:\/\/api.w.org\/{rel}","templated":true}]}}