{"id":17729,"date":"2025-07-14T20:34:50","date_gmt":"2025-07-14T23:34:50","guid":{"rendered":"https:\/\/laserenaradio.cl\/web\/?p=17729"},"modified":"2025-07-14T20:34:50","modified_gmt":"2025-07-14T23:34:50","slug":"mauricio-pinilla-pide-a-chile-un-entrenador-exigente-como-bielsa-o-sampaoli","status":"publish","type":"post","link":"https:\/\/laserenaradio.cl\/web\/2025\/07\/14\/mauricio-pinilla-pide-a-chile-un-entrenador-exigente-como-bielsa-o-sampaoli\/","title":{"rendered":"Mauricio Pinilla pide a Chile un entrenador exigente como Bielsa o Sampaoli."},"content":{"rendered":"<p>El exfutbolista chileno Mauricio Pinilla expres\u00f3 su deseo de que un entrenador del estilo \u201cBielsa o Sampaoli\u201d asuma el cargo de director t\u00e9cnico de La Roja para el pr\u00f3ximo proceso clasificatorio.<\/p>\n<p>Pinilla, quien fue entrevistado por Marca Personal, de La Metro FM, tambi\u00e9n hizo una evaluaci\u00f3n del presente malo de la selecci\u00f3n chilena. &#8220;Creo que la selecci\u00f3n est\u00e1 carente de nuevas figuras, est\u00e1 carente de nuevos liderazgos y carece de jugadores importantes&#8221;, subray\u00f3.<\/p>\n<p>Por esa raz\u00f3n, \u2018Pinigol\u2019 enfatiz\u00f3 que \u201cel pr\u00f3ximo proceso debe ser conducido por un t\u00e9cnico que traiga las ideas de Sampaoli o Bielsa\u201d. <\/p>\n<p>Adem\u00e1s, Pinilla agreg\u00f3 que ese entrenador debe ser \u201cexigente en cuanto a lo f\u00edsico y disciplinario, y exigente con la intensidad del juego\u201d.<\/p>\n<p>Es importante recordar que Chile ya no tiene posibilidades de clasificar al Mundial 2026. En las dos fechas restantes de las Eliminatorias, la selecci\u00f3n estar\u00e1 dirigida por Nicol\u00e1s C\u00f3rdova, quien es el DT principal de la Sub20.<\/p>\n","protected":false},"excerpt":{"rendered":"<p>El exfutbolista chileno Mauricio Pinilla expres\u00f3 su deseo de que un entrenador del estilo \u201cBielsa o Sampaoli\u201d asuma el cargo de director t\u00e9cnico de La Roja para el pr\u00f3ximo proceso clasificatorio. Pinilla, quien fue entrevistado por Marca Personal, de La Metro FM, tambi\u00e9n hizo una evaluaci\u00f3n del presente malo de la selecci\u00f3n chilena. &#8220;Creo que [&hellip;]<\/p>\n","protected":false},"author":2,"featured_media":17728,"comment_status":"closed","ping_status":"open","sticky":false,"template":"","format":"standard","meta":{"_jetpack_memberships_contains_paid_content":false,"jnews-multi-image_gallery":[],"jnews_single_post":[],"jnews_primary_category":[],"jnews_social_meta":[],"jnews_paywall_metabox":[],"jnews_review":[],"enable_review":"","type":"","name":"","summary":"","brand":"","sku":"","good":[],"bad":[],"score_override":"","override_value":"","rating":[],"price":[],"jnews_override_counter":[],"jnews_post_split":[],"footnotes":""},"categories":[84],"tags":[],"class_list":["post-17729","post","type-post","status-publish","format-standard","has-post-thumbnail","hentry","category-deportes"],"jetpack_featured_media_url":"https:\/\/laserenaradio.cl\/web\/wp-content\/uploads\/2025\/07\/homepiaiextractoscrapimg_webpentrenadorBielsaSampaoliexigente_0.webp","jetpack_sharing_enabled":true,"_links":{"self":[{"href":"https:\/\/laserenaradio.cl\/web\/wp-json\/wp\/v2\/posts\/17729","targetHints":{"allow":["GET"]}}],"collection":[{"href":"https:\/\/laserenaradio.cl\/web\/wp-json\/wp\/v2\/posts"}],"about":[{"href":"https:\/\/laserenaradio.cl\/web\/wp-json\/wp\/v2\/types\/post"}],"author":[{"embeddable":true,"href":"https:\/\/laserenaradio.cl\/web\/wp-json\/wp\/v2\/users\/2"}],"replies":[{"embeddable":true,"href":"https:\/\/laserenaradio.cl\/web\/wp-json\/wp\/v2\/comments?post=17729"}],"version-history":[{"count":1,"href":"https:\/\/laserenaradio.cl\/web\/wp-json\/wp\/v2\/posts\/17729\/revisions"}],"predecessor-version":[{"id":17730,"href":"https:\/\/laserenaradio.cl\/web\/wp-json\/wp\/v2\/posts\/17729\/revisions\/17730"}],"wp:featuredmedia":[{"embeddable":true,"href":"https:\/\/laserenaradio.cl\/web\/wp-json\/wp\/v2\/media\/17728"}],"wp:attachment":[{"href":"https:\/\/laserenaradio.cl\/web\/wp-json\/wp\/v2\/media?parent=17729"}],"wp:term":[{"taxonomy":"category","embeddable":true,"href":"https:\/\/laserenaradio.cl\/web\/wp-json\/wp\/v2\/categories?post=17729"},{"taxonomy":"post_tag","embeddable":true,"href":"https:\/\/laserenaradio.cl\/web\/wp-json\/wp\/v2\/tags?post=17729"}],"curies":[{"name":"wp","href":"https:\/\/api.w.org\/{rel}","templated":true}]}}