{"id":17723,"date":"2025-07-14T13:04:16","date_gmt":"2025-07-14T16:04:16","guid":{"rendered":"https:\/\/laserenaradio.cl\/web\/?p=17723"},"modified":"2025-07-14T13:04:16","modified_gmt":"2025-07-14T16:04:16","slug":"el-susto-del-colo-colo-guarello-destapo-que-isla-se-resto-de-un-partido-por-miedo","status":"publish","type":"post","link":"https:\/\/laserenaradio.cl\/web\/2025\/07\/14\/el-susto-del-colo-colo-guarello-destapo-que-isla-se-resto-de-un-partido-por-miedo\/","title":{"rendered":"El &#8216;Susto&#8217; del Colo Colo: Guarello destap\u00f3 que Isla se rest\u00f3 de un partido por miedo"},"content":{"rendered":"<p>El periodista Juan Crist\u00f3bal Guarello sorprendi\u00f3 al afirmar que Mauricio Isla, habitual titular en Colo Colo bajo la direcci\u00f3n t\u00e9cnica de Jorge Almir\u00f3n, se ausent\u00f3 del Supercl\u00e1sico por &#8220;miedo&#8221;. <\/p>\n<p>Claudio Aquino sufri\u00f3 un esguince el mi\u00e9rcoles y no pod\u00eda pisar. El viernes, Isla lleg\u00f3 al entrenamiento con un parte m\u00e9dico y avis\u00f3 que no podr\u00eda jugar.<\/p>\n<p>&#8220;Otra vez, ahora contra La U en el Nacional. Ya le hab\u00eda pasado con Cat\u00f3lica. Otra vez apareci\u00f3 la oportuna lesi\u00f3n de Isla&#8221;, dijo Guarello en su programa, se\u00f1alando que estas situaciones se repiten demasiadas veces.<\/p>\n<p>Luego, record\u00f3 que al &#8220;Huaso&#8221; le ten\u00edan un apodo despectivo dentro del equipo y Arturo Vidal, hoy su compa\u00f1ero en Colo Colo, a\u00fan lo sigue llamando as\u00ed. <\/p>\n<p>&#8220;Por algo a al interior de la Selecci\u00f3n a le dec\u00edan &#8216;El Susto&#8217;. Arturo Vidal le dice &#8216;El Susto&#8217;. Cre\u00eda que le pod\u00edan cantar, no se hizo ex\u00e1menes ni nada, \u00e9l dio el parte m\u00e9dico de que estaba lesionado y desapareci\u00f3&#8221;, concluy\u00f3 Guarello.<\/p>\n","protected":false},"excerpt":{"rendered":"<p>El periodista Juan Crist\u00f3bal Guarello sorprendi\u00f3 al afirmar que Mauricio Isla, habitual titular en Colo Colo bajo la direcci\u00f3n t\u00e9cnica de Jorge Almir\u00f3n, se ausent\u00f3 del Supercl\u00e1sico por &#8220;miedo&#8221;. Claudio Aquino sufri\u00f3 un esguince el mi\u00e9rcoles y no pod\u00eda pisar. El viernes, Isla lleg\u00f3 al entrenamiento con un parte m\u00e9dico y avis\u00f3 que no podr\u00eda [&hellip;]<\/p>\n","protected":false},"author":2,"featured_media":17722,"comment_status":"closed","ping_status":"open","sticky":false,"template":"","format":"standard","meta":{"_jetpack_memberships_contains_paid_content":false,"jnews-multi-image_gallery":[],"jnews_single_post":[],"jnews_primary_category":[],"jnews_social_meta":[],"jnews_paywall_metabox":[],"jnews_review":[],"enable_review":"","type":"","name":"","summary":"","brand":"","sku":"","good":[],"bad":[],"score_override":"","override_value":"","rating":[],"price":[],"jnews_override_counter":[],"jnews_post_split":[],"footnotes":""},"categories":[84],"tags":[],"class_list":["post-17723","post","type-post","status-publish","format-standard","has-post-thumbnail","hentry","category-deportes"],"jetpack_featured_media_url":"https:\/\/laserenaradio.cl\/web\/wp-content\/uploads\/2025\/07\/homepiaiextractoscrapimg_webpleGuarelloColoColoIsla_1.webp","jetpack_sharing_enabled":true,"_links":{"self":[{"href":"https:\/\/laserenaradio.cl\/web\/wp-json\/wp\/v2\/posts\/17723","targetHints":{"allow":["GET"]}}],"collection":[{"href":"https:\/\/laserenaradio.cl\/web\/wp-json\/wp\/v2\/posts"}],"about":[{"href":"https:\/\/laserenaradio.cl\/web\/wp-json\/wp\/v2\/types\/post"}],"author":[{"embeddable":true,"href":"https:\/\/laserenaradio.cl\/web\/wp-json\/wp\/v2\/users\/2"}],"replies":[{"embeddable":true,"href":"https:\/\/laserenaradio.cl\/web\/wp-json\/wp\/v2\/comments?post=17723"}],"version-history":[{"count":1,"href":"https:\/\/laserenaradio.cl\/web\/wp-json\/wp\/v2\/posts\/17723\/revisions"}],"predecessor-version":[{"id":17724,"href":"https:\/\/laserenaradio.cl\/web\/wp-json\/wp\/v2\/posts\/17723\/revisions\/17724"}],"wp:featuredmedia":[{"embeddable":true,"href":"https:\/\/laserenaradio.cl\/web\/wp-json\/wp\/v2\/media\/17722"}],"wp:attachment":[{"href":"https:\/\/laserenaradio.cl\/web\/wp-json\/wp\/v2\/media?parent=17723"}],"wp:term":[{"taxonomy":"category","embeddable":true,"href":"https:\/\/laserenaradio.cl\/web\/wp-json\/wp\/v2\/categories?post=17723"},{"taxonomy":"post_tag","embeddable":true,"href":"https:\/\/laserenaradio.cl\/web\/wp-json\/wp\/v2\/tags?post=17723"}],"curies":[{"name":"wp","href":"https:\/\/api.w.org\/{rel}","templated":true}]}}