{"id":17714,"date":"2025-07-14T10:36:51","date_gmt":"2025-07-14T13:36:51","guid":{"rendered":"https:\/\/laserenaradio.cl\/web\/?p=17714"},"modified":"2025-07-14T10:36:51","modified_gmt":"2025-07-14T13:36:51","slug":"la-corte-suprema-reintegra-a-grumete-expulsado-de-la-academia-naval-por-cortar-pelo","status":"publish","type":"post","link":"https:\/\/laserenaradio.cl\/web\/2025\/07\/14\/la-corte-suprema-reintegra-a-grumete-expulsado-de-la-academia-naval-por-cortar-pelo\/","title":{"rendered":"La Corte Suprema reintegra a Grumete expulsado de la Academia Naval por cortar pelo"},"content":{"rendered":"<p>La Corte Suprema orden\u00f3 reintegrar a Williams Cifuentes Vaccaro (26) al Academia Polit\u00e9cnica Naval de Vi\u00f1a del Mar en noviembre de 2023, un d\u00eda antes de su egreso. Cifuentes fue expulsado por cortar el pelo a compa\u00f1eros sin autorizaci\u00f3n.<\/p>\n<p>Este joven, perteneciente a un estrato social humilde, recibi\u00f3 una sanci\u00f3n Grav\u00edsima 300, la m\u00e1s severa del reglamento naval, tras cortar el pelo a 42 grumetes para prepararlos para desfiles. Sin embargo, su superior le indic\u00f3 que solo ayudara en dos ocasiones, lo cual no hab\u00eda sido comunicado previamente.<\/p>\n<p>Cifuentes asegur\u00f3 que continu\u00f3 conociendo solicitudes de compa\u00f1eros y oficiales, pero siempre de forma voluntaria y sin \u00e1nimo de lucro, reponiendo la m\u00e1quina usada para cortar el pelo. La sanci\u00f3n incluy\u00f3 una amonestaci\u00f3n verbal severa y d\u00edas de arresto.<\/p>\n<p>El caso fue presentado por Cifuentes a trav\u00e9s de un recurso de protecci\u00f3n que fue acogido por el m\u00e1ximo tribunal. La Corte Suprema consider\u00f3 que &#8220;exhibi\u00f3 una falta de congruencia entre la entidad del da\u00f1o provocado por la infracci\u00f3n y el castigo a imponer&#8221;.<\/p>\n<p>El grumete, feliz con su reintegraci\u00f3n, declar\u00f3: &#8220;Mi sue\u00f1o de ni\u00f1o siempre fue ser marino. Yo hice el servicio militar, luego fui carabinero, pero nada se compara con la Armada&#8221;. <\/p>\n<p>Cifuentes regresar\u00e1 a la instituci\u00f3n este lunes 14 de julio y deber\u00eda egresar al d\u00eda siguiente como soldado segundo infante de marina, especializado en telecomunicaciones.<\/p>\n","protected":false},"excerpt":{"rendered":"<p>La Corte Suprema orden\u00f3 reintegrar a Williams Cifuentes Vaccaro (26) al Academia Polit\u00e9cnica Naval de Vi\u00f1a del Mar en noviembre de 2023, un d\u00eda antes de su egreso. Cifuentes fue expulsado por cortar el pelo a compa\u00f1eros sin autorizaci\u00f3n. Este joven, perteneciente a un estrato social humilde, recibi\u00f3 una sanci\u00f3n Grav\u00edsima 300, la m\u00e1s severa [&hellip;]<\/p>\n","protected":false},"author":2,"featured_media":17713,"comment_status":"closed","ping_status":"open","sticky":false,"template":"","format":"standard","meta":{"_jetpack_memberships_contains_paid_content":false,"jnews-multi-image_gallery":[],"jnews_single_post":[],"jnews_primary_category":[],"jnews_social_meta":[],"jnews_paywall_metabox":[],"jnews_review":[],"enable_review":"","type":"","name":"","summary":"","brand":"","sku":"","good":[],"bad":[],"score_override":"","override_value":"","rating":[],"price":[],"jnews_override_counter":[],"jnews_post_split":[],"footnotes":""},"categories":[21],"tags":[],"class_list":["post-17714","post","type-post","status-publish","format-standard","has-post-thumbnail","hentry","category-nacional"],"jetpack_featured_media_url":"https:\/\/laserenaradio.cl\/web\/wp-content\/uploads\/2025\/07\/homepiaiextractoscrapimg_webpCifuentescortarpelosevera_0.webp","jetpack_sharing_enabled":true,"_links":{"self":[{"href":"https:\/\/laserenaradio.cl\/web\/wp-json\/wp\/v2\/posts\/17714","targetHints":{"allow":["GET"]}}],"collection":[{"href":"https:\/\/laserenaradio.cl\/web\/wp-json\/wp\/v2\/posts"}],"about":[{"href":"https:\/\/laserenaradio.cl\/web\/wp-json\/wp\/v2\/types\/post"}],"author":[{"embeddable":true,"href":"https:\/\/laserenaradio.cl\/web\/wp-json\/wp\/v2\/users\/2"}],"replies":[{"embeddable":true,"href":"https:\/\/laserenaradio.cl\/web\/wp-json\/wp\/v2\/comments?post=17714"}],"version-history":[{"count":1,"href":"https:\/\/laserenaradio.cl\/web\/wp-json\/wp\/v2\/posts\/17714\/revisions"}],"predecessor-version":[{"id":17715,"href":"https:\/\/laserenaradio.cl\/web\/wp-json\/wp\/v2\/posts\/17714\/revisions\/17715"}],"wp:featuredmedia":[{"embeddable":true,"href":"https:\/\/laserenaradio.cl\/web\/wp-json\/wp\/v2\/media\/17713"}],"wp:attachment":[{"href":"https:\/\/laserenaradio.cl\/web\/wp-json\/wp\/v2\/media?parent=17714"}],"wp:term":[{"taxonomy":"category","embeddable":true,"href":"https:\/\/laserenaradio.cl\/web\/wp-json\/wp\/v2\/categories?post=17714"},{"taxonomy":"post_tag","embeddable":true,"href":"https:\/\/laserenaradio.cl\/web\/wp-json\/wp\/v2\/tags?post=17714"}],"curies":[{"name":"wp","href":"https:\/\/api.w.org\/{rel}","templated":true}]}}