{"id":17711,"date":"2025-07-14T10:30:16","date_gmt":"2025-07-14T13:30:16","guid":{"rendered":"https:\/\/laserenaradio.cl\/web\/?p=17711"},"modified":"2025-07-14T10:30:16","modified_gmt":"2025-07-14T13:30:16","slug":"lamine-yamal-en-medio-de-escandalo-por-contratar-personas-con-enanismo-en-fiesta-de-su-cumpleanos","status":"publish","type":"post","link":"https:\/\/laserenaradio.cl\/web\/2025\/07\/14\/lamine-yamal-en-medio-de-escandalo-por-contratar-personas-con-enanismo-en-fiesta-de-su-cumpleanos\/","title":{"rendered":"Lamine Yamal en medio de esc\u00e1ndalo por contratar personas con enanismo en fiesta de su cumplea\u00f1os."},"content":{"rendered":"<p>Lamine Yamal, promesa del FC Barcelona, se encuentra envuelto en un esc\u00e1ndalo luego de celebrar su cumplea\u00f1os n\u00famero 18 en Alcazar Del Garraf (Barcelona). El evento cont\u00f3 con la presencia de celebridades del mundo musical y futbolistas, as\u00ed como influencers, pero no estuvo exento de controversias. <\/p>\n<p>La Asociaci\u00f3n de Personas con Acondroplasia y otras Displasias Esquel\u00e9ticas con Enanismo (ADEE) denunci\u00f3 a Yamal por contratar personas con enanismo para entretener la fiesta. COCEMFE, Confederaci\u00f3n Espa\u00f1ola de Personas con Discapacidad F\u00edsica y Org\u00e1nica, emiti\u00f3 un comunicado condenando los hechos e anunciando acciones legales y sociales para salvaguardar la dignidad de las personas con discapacidad.<\/p>\n<p>ADEE argumenta que la celebraci\u00f3n vulnera tanto la legislaci\u00f3n vigente como valores \u00e9ticos fundamentales en una sociedad igualitaria. La asociaci\u00f3n se\u00f1ala que se contrataron a personas con enanismo para actividades de espect\u00e1culo y diversi\u00f3n, lo cual perpet\u00faa estereotipos y alimenta la discriminaci\u00f3n.<\/p>\n<p>Mundo Deportivo revel\u00f3 que durante la fiesta hubo prohibici\u00f3n de tel\u00e9fonos m\u00f3viles. A pesar de esto, circulan unas pocas im\u00e1genes de la celebraci\u00f3n con tem\u00e1tica g\u00e1nster. Yamal asisti\u00f3 vestido para la ocasi\u00f3n: traje blanco, guante negro en su mano izquierda e incluso un bast\u00f3n.<\/p>\n","protected":false},"excerpt":{"rendered":"<p>Lamine Yamal, promesa del FC Barcelona, se encuentra envuelto en un esc\u00e1ndalo luego de celebrar su cumplea\u00f1os n\u00famero 18 en Alcazar Del Garraf (Barcelona). El evento cont\u00f3 con la presencia de celebridades del mundo musical y futbolistas, as\u00ed como influencers, pero no estuvo exento de controversias. La Asociaci\u00f3n de Personas con Acondroplasia y otras Displasias [&hellip;]<\/p>\n","protected":false},"author":2,"featured_media":17710,"comment_status":"closed","ping_status":"open","sticky":false,"template":"","format":"standard","meta":{"_jetpack_memberships_contains_paid_content":false,"jnews-multi-image_gallery":[],"jnews_single_post":[],"jnews_primary_category":[],"jnews_social_meta":[],"jnews_paywall_metabox":[],"jnews_review":[],"enable_review":"","type":"","name":"","summary":"","brand":"","sku":"","good":[],"bad":[],"score_override":"","override_value":"","rating":[],"price":[],"jnews_override_counter":[],"jnews_post_split":[],"footnotes":""},"categories":[84],"tags":[],"class_list":["post-17711","post","type-post","status-publish","format-standard","has-post-thumbnail","hentry","category-deportes"],"jetpack_featured_media_url":"https:\/\/laserenaradio.cl\/web\/wp-content\/uploads\/2025\/07\/homepiaiextractoscrapimg_webppersonasenanismofiestaLamineYamal_0.webp","jetpack_sharing_enabled":true,"_links":{"self":[{"href":"https:\/\/laserenaradio.cl\/web\/wp-json\/wp\/v2\/posts\/17711","targetHints":{"allow":["GET"]}}],"collection":[{"href":"https:\/\/laserenaradio.cl\/web\/wp-json\/wp\/v2\/posts"}],"about":[{"href":"https:\/\/laserenaradio.cl\/web\/wp-json\/wp\/v2\/types\/post"}],"author":[{"embeddable":true,"href":"https:\/\/laserenaradio.cl\/web\/wp-json\/wp\/v2\/users\/2"}],"replies":[{"embeddable":true,"href":"https:\/\/laserenaradio.cl\/web\/wp-json\/wp\/v2\/comments?post=17711"}],"version-history":[{"count":1,"href":"https:\/\/laserenaradio.cl\/web\/wp-json\/wp\/v2\/posts\/17711\/revisions"}],"predecessor-version":[{"id":17712,"href":"https:\/\/laserenaradio.cl\/web\/wp-json\/wp\/v2\/posts\/17711\/revisions\/17712"}],"wp:featuredmedia":[{"embeddable":true,"href":"https:\/\/laserenaradio.cl\/web\/wp-json\/wp\/v2\/media\/17710"}],"wp:attachment":[{"href":"https:\/\/laserenaradio.cl\/web\/wp-json\/wp\/v2\/media?parent=17711"}],"wp:term":[{"taxonomy":"category","embeddable":true,"href":"https:\/\/laserenaradio.cl\/web\/wp-json\/wp\/v2\/categories?post=17711"},{"taxonomy":"post_tag","embeddable":true,"href":"https:\/\/laserenaradio.cl\/web\/wp-json\/wp\/v2\/tags?post=17711"}],"curies":[{"name":"wp","href":"https:\/\/api.w.org\/{rel}","templated":true}]}}