{"id":17705,"date":"2025-07-14T08:57:24","date_gmt":"2025-07-14T11:57:24","guid":{"rendered":"https:\/\/laserenaradio.cl\/web\/?p=17705"},"modified":"2025-07-14T08:57:24","modified_gmt":"2025-07-14T11:57:24","slug":"debut-emocionante-de-maximiliano-salas-en-river-plate","status":"publish","type":"post","link":"https:\/\/laserenaradio.cl\/web\/2025\/07\/14\/debut-emocionante-de-maximiliano-salas-en-river-plate\/","title":{"rendered":"Debut emocionante de Maximiliano Salas en River Plate"},"content":{"rendered":"<p>Maximiliano Salas, flamante incorporaci\u00f3n de River Plate, tuvo un emotivo debut con la camiseta del equipo argentino: marc\u00f3 un gol y festej\u00f3 homenajeando al \u201cMatador\u201d. El delantero, quien supo vestir las camisetas de O\u2019Higgins y Palestino en nuestro pa\u00eds, anot\u00f3 en su primer partido con la camiseta \u2018millonaria\u2019 y lo celebr\u00f3 imitando el festejo de Jos\u00e9 Marcelo Salas.<\/p>\n<p>Para emoci\u00f3n de los hinchas del equipo dirigido por Marcelo Gallardo, el atacante hinc\u00f3 su rodilla en el c\u00e9sped y apunt\u00f3 un dedo hacia el cielo en su festejo. Antes, Facundo Colidio hab\u00eda abierto el marcador a los 6 minutos con un zapatazo desde afuera del \u00e1rea.<\/p>\n<p>Sin embargo, a los 24\u2032 Ronaldo Mart\u00ednez, conect\u00f3 de cabeza un preciso centro y empat\u00f3 las cosas para el actual campe\u00f3n del f\u00fatbol argentino. Adem\u00e1s del gol de Salas a los 40\u2032 del primer tiempo, Miguel Borja marc\u00f3 en los descuentos del segundo lapso para sellar el 3-1 de River Plate sobre Platense.<\/p>\n","protected":false},"excerpt":{"rendered":"<p>Maximiliano Salas, flamante incorporaci\u00f3n de River Plate, tuvo un emotivo debut con la camiseta del equipo argentino: marc\u00f3 un gol y festej\u00f3 homenajeando al \u201cMatador\u201d. El delantero, quien supo vestir las camisetas de O\u2019Higgins y Palestino en nuestro pa\u00eds, anot\u00f3 en su primer partido con la camiseta \u2018millonaria\u2019 y lo celebr\u00f3 imitando el festejo de [&hellip;]<\/p>\n","protected":false},"author":2,"featured_media":17704,"comment_status":"closed","ping_status":"open","sticky":false,"template":"","format":"standard","meta":{"_jetpack_memberships_contains_paid_content":false,"jnews-multi-image_gallery":[],"jnews_single_post":[],"jnews_primary_category":[],"jnews_social_meta":[],"jnews_paywall_metabox":[],"jnews_review":[],"enable_review":"","type":"","name":"","summary":"","brand":"","sku":"","good":[],"bad":[],"score_override":"","override_value":"","rating":[],"price":[],"jnews_override_counter":[],"jnews_post_split":[],"footnotes":""},"categories":[84],"tags":[],"class_list":["post-17705","post","type-post","status-publish","format-standard","has-post-thumbnail","hentry","category-deportes"],"jetpack_featured_media_url":"https:\/\/laserenaradio.cl\/web\/wp-content\/uploads\/2025\/07\/homepiaiextractoscrapimg_webpRiverPlateMaximilianoSalascamisetaequipo_0.webp","jetpack_sharing_enabled":true,"_links":{"self":[{"href":"https:\/\/laserenaradio.cl\/web\/wp-json\/wp\/v2\/posts\/17705","targetHints":{"allow":["GET"]}}],"collection":[{"href":"https:\/\/laserenaradio.cl\/web\/wp-json\/wp\/v2\/posts"}],"about":[{"href":"https:\/\/laserenaradio.cl\/web\/wp-json\/wp\/v2\/types\/post"}],"author":[{"embeddable":true,"href":"https:\/\/laserenaradio.cl\/web\/wp-json\/wp\/v2\/users\/2"}],"replies":[{"embeddable":true,"href":"https:\/\/laserenaradio.cl\/web\/wp-json\/wp\/v2\/comments?post=17705"}],"version-history":[{"count":1,"href":"https:\/\/laserenaradio.cl\/web\/wp-json\/wp\/v2\/posts\/17705\/revisions"}],"predecessor-version":[{"id":17706,"href":"https:\/\/laserenaradio.cl\/web\/wp-json\/wp\/v2\/posts\/17705\/revisions\/17706"}],"wp:featuredmedia":[{"embeddable":true,"href":"https:\/\/laserenaradio.cl\/web\/wp-json\/wp\/v2\/media\/17704"}],"wp:attachment":[{"href":"https:\/\/laserenaradio.cl\/web\/wp-json\/wp\/v2\/media?parent=17705"}],"wp:term":[{"taxonomy":"category","embeddable":true,"href":"https:\/\/laserenaradio.cl\/web\/wp-json\/wp\/v2\/categories?post=17705"},{"taxonomy":"post_tag","embeddable":true,"href":"https:\/\/laserenaradio.cl\/web\/wp-json\/wp\/v2\/tags?post=17705"}],"curies":[{"name":"wp","href":"https:\/\/api.w.org\/{rel}","templated":true}]}}