{"id":17696,"date":"2025-07-13T23:53:28","date_gmt":"2025-07-14T02:53:28","guid":{"rendered":"https:\/\/laserenaradio.cl\/web\/?p=17696"},"modified":"2025-07-13T23:53:28","modified_gmt":"2025-07-14T02:53:28","slug":"funcionaria-publica-denuncia-suplantacion-de-identidad-por-error-en-registro-migratorio","status":"publish","type":"post","link":"https:\/\/laserenaradio.cl\/web\/2025\/07\/13\/funcionaria-publica-denuncia-suplantacion-de-identidad-por-error-en-registro-migratorio\/","title":{"rendered":"Funcionaria p\u00fablica denuncia suplantaci\u00f3n de identidad por error en registro migratorio"},"content":{"rendered":"<p>El 20 de mayo, la Contralor\u00eda General de la Rep\u00fablica anunci\u00f3 que 25.078 funcionarios p\u00fablicos hab\u00edan incumplido los per\u00edodos de reposo en sus licencias m\u00e9dicas al viajar fuera del pa\u00eds entre 2023 y 2024.<\/p>\n<p>Esta noticia desencaden\u00f3 una crisis institucional poco com\u00fan, con cada d\u00eda sumando nuevos casos. Sin embargo, hay personas que luchan para ser excluidas de la lista por error, como Ximena Rivillo, directora de ChileValora.<\/p>\n<p>El 23 de mayo, Rivillo recibi\u00f3 un informe de la Contralor\u00eda sobre funcionarios de su repartici\u00f3n que hab\u00edan salido del pa\u00eds con licencia m\u00e9dica. Su nombre aparec\u00eda en el registro, acus\u00e1ndola de salir el 5 de enero de 2024 y regresar el 10 de ese mismo mes.<\/p>\n<p>Rivillo demostr\u00f3 que estuvo con licencia m\u00e9dica los d\u00edas 4 y 5 de enero del primer mes de 2024, pero no sali\u00f3 del pa\u00eds. Regres\u00f3 a sus labores como directora el 8 de enero. Para respaldar su versi\u00f3n, solicit\u00f3 geolocalizaci\u00f3n de tel\u00e9fonos y movimientos bancarios.<\/p>\n<p>Consult\u00f3 con la Polic\u00eda de Investigaciones (<a href=\"https:\/\/www.pdichile.cl\/\">PDI<\/a>) para obtener un certificado de viajes que demostrara su presencia en Chile durante esas fechas. Sin embargo, el certificado emitido dec\u00eda que Rivillo hab\u00eda transitado por el paso Libertadores el 5 de enero y regres\u00f3 el 10 de ese mes desde la Rep\u00fablica Dominicana.<\/p>\n<p>Rivillo present\u00f3 una denuncia por suplantaci\u00f3n de identidad ante el Juzgado de Garant\u00eda de Los Andes. Su abogado, Jorge Lafourcade, destac\u00f3 que un error en los datos caus\u00f3 el da\u00f1o a su honra como funcionaria p\u00fablica.<\/p>\n<p>Tras la presentaci\u00f3n de la denuncia, Rivillo recibi\u00f3 dos certificados de viajes de <a href=\"https:\/\/www.pdichile.cl\/\">PDI<\/a>: uno mencionaba una salida sin retorno y otro confirmaba que no sali\u00f3 del pa\u00eds durante las fechas cuestionadas. La <a href=\"https:\/\/www.pdichile.cl\/\">PDI<\/a> inici\u00f3 un sumario interno para resolver el error.<\/p>\n<p>La disputa judicial y el sumario interno de la <a href=\"https:\/\/www.pdichile.cl\/\">PDI<\/a> han llevado tanto a Rivillo como al directorio de ChileValora a pedir pronunciamiento de la Contralor\u00eda, pero este \u00f3rgano no ha emitido comentarios al respecto.<\/p>\n","protected":false},"excerpt":{"rendered":"<p>El 20 de mayo, la Contralor\u00eda General de la Rep\u00fablica anunci\u00f3 que 25.078 funcionarios p\u00fablicos hab\u00edan incumplido los per\u00edodos de reposo en sus licencias m\u00e9dicas al viajar fuera del pa\u00eds entre 2023 y 2024. Esta noticia desencaden\u00f3 una crisis institucional poco com\u00fan, con cada d\u00eda sumando nuevos casos. Sin embargo, hay personas que luchan para [&hellip;]<\/p>\n","protected":false},"author":2,"featured_media":17695,"comment_status":"closed","ping_status":"open","sticky":false,"template":"","format":"standard","meta":{"_jetpack_memberships_contains_paid_content":false,"jnews-multi-image_gallery":[],"jnews_single_post":[],"jnews_primary_category":[],"jnews_social_meta":[],"jnews_paywall_metabox":[],"jnews_review":[],"enable_review":"","type":"","name":"","summary":"","brand":"","sku":"","good":[],"bad":[],"score_override":"","override_value":"","rating":[],"price":[],"jnews_override_counter":[],"jnews_post_split":[],"footnotes":""},"categories":[21],"tags":[],"class_list":["post-17696","post","type-post","status-publish","format-standard","has-post-thumbnail","hentry","category-nacional"],"jetpack_featured_media_url":"https:\/\/laserenaradio.cl\/web\/wp-content\/uploads\/2025\/07\/homepiaiextractoscrapimg_webperroreneropdichile_1.webp","jetpack_sharing_enabled":true,"_links":{"self":[{"href":"https:\/\/laserenaradio.cl\/web\/wp-json\/wp\/v2\/posts\/17696","targetHints":{"allow":["GET"]}}],"collection":[{"href":"https:\/\/laserenaradio.cl\/web\/wp-json\/wp\/v2\/posts"}],"about":[{"href":"https:\/\/laserenaradio.cl\/web\/wp-json\/wp\/v2\/types\/post"}],"author":[{"embeddable":true,"href":"https:\/\/laserenaradio.cl\/web\/wp-json\/wp\/v2\/users\/2"}],"replies":[{"embeddable":true,"href":"https:\/\/laserenaradio.cl\/web\/wp-json\/wp\/v2\/comments?post=17696"}],"version-history":[{"count":1,"href":"https:\/\/laserenaradio.cl\/web\/wp-json\/wp\/v2\/posts\/17696\/revisions"}],"predecessor-version":[{"id":17697,"href":"https:\/\/laserenaradio.cl\/web\/wp-json\/wp\/v2\/posts\/17696\/revisions\/17697"}],"wp:featuredmedia":[{"embeddable":true,"href":"https:\/\/laserenaradio.cl\/web\/wp-json\/wp\/v2\/media\/17695"}],"wp:attachment":[{"href":"https:\/\/laserenaradio.cl\/web\/wp-json\/wp\/v2\/media?parent=17696"}],"wp:term":[{"taxonomy":"category","embeddable":true,"href":"https:\/\/laserenaradio.cl\/web\/wp-json\/wp\/v2\/categories?post=17696"},{"taxonomy":"post_tag","embeddable":true,"href":"https:\/\/laserenaradio.cl\/web\/wp-json\/wp\/v2\/tags?post=17696"}],"curies":[{"name":"wp","href":"https:\/\/api.w.org\/{rel}","templated":true}]}}