{"id":17687,"date":"2025-07-13T23:47:28","date_gmt":"2025-07-14T02:47:28","guid":{"rendered":"https:\/\/laserenaradio.cl\/web\/?p=17687"},"modified":"2025-07-13T23:47:28","modified_gmt":"2025-07-14T02:47:28","slug":"luis-enrique-justifica-golpe-a-joao-pedro-durante-final-del-mundial-de-clubes","status":"publish","type":"post","link":"https:\/\/laserenaradio.cl\/web\/2025\/07\/13\/luis-enrique-justifica-golpe-a-joao-pedro-durante-final-del-mundial-de-clubes\/","title":{"rendered":"Luis Enrique justifica golpe a Joao Pedro durante final del Mundial de Clubes."},"content":{"rendered":"<p>Luis Enrique, entrenador del PSG, asegur\u00f3 este domingo tras la final del Mundial de Clubes que su intenci\u00f3n en la discusi\u00f3n donde golpe\u00f3 a Joao Pedro era \u201cseparar a los jugadores\u201d y evitar que la trifulca fuera a mayores.<\/p>\n<p>Al final del partido hay una situaci\u00f3n que creo es totalmente evitable, por parte de todos. Mi objetivo y mi intenci\u00f3n, como siempre, era intentar separar a los jugadores para que no hubiera m\u00e1s problemas\u201d, dijo en una rueda de prensa.<\/p>\n<p>Hay mucha tensi\u00f3n, mucha presi\u00f3n. A partir de ah\u00ed hay una serie de empujones por parte de mucha gente, que creo que deber\u00edamos evitar entre todos y no deber\u00eda volver a ocurrir. Pero, repito, mi intenci\u00f3n, como siempre, era evitar cualquier situaci\u00f3n que vaya a mayores\u201d, a\u00f1adi\u00f3.<\/p>\n<p>El t\u00e9cnico respondi\u00f3 a otras dos preguntas sobre el incidente con los mismos argumentos, insistiendo en que su objetivo era calmar las aguas entre los jugadores y los cuerpos t\u00e9cnicos.<\/p>\n<p>Tambi\u00e9n vi a Maresca empujar por ah\u00ed\u2026 Es una situaci\u00f3n evitable por parte de todos. Voy a evitar que vaya a m\u00e1s, repito que no es lo mejor, y no tengo nada m\u00e1s que a\u00f1adir\u201d, acot\u00f3.<\/p>\n<p>Luis Enrique protagoniz\u00f3 un incidente a la conclusi\u00f3n de la final del Mundial de Clubes, en la que su equipo fue derrotado 3-0 por el Chelsea, al golpear en el cuello al delantero brasile\u00f1o Joao Pedro.<\/p>\n<p>Tras el pitido del final de un partido que se calent\u00f3 en el tiempo a\u00f1adido con varias entradas duras, se produjo en el centro del campo un amago de pelea en la que se vio involucrado Luis Enrique. El preparador acudi\u00f3 a una zona donde Achraf Hakimi y Gianluigi Donnarumma discut\u00edan con Joao Pedro, que cay\u00f3 al c\u00e9sped tras sentir un golpe.<\/p>\n<p>Lo propin\u00f3 Luis Enrique al delantero brasile\u00f1o del Chelsea, al soltar el brazo izquierdo y golpear primero en el pecho y despu\u00e9s en la cara del futbolista. El incidente provoc\u00f3 varios minutos de discusiones entre los dos equipos, antes de que la situaci\u00f3n se calmase.<\/p>\n","protected":false},"excerpt":{"rendered":"<p>Luis Enrique, entrenador del PSG, asegur\u00f3 este domingo tras la final del Mundial de Clubes que su intenci\u00f3n en la discusi\u00f3n donde golpe\u00f3 a Joao Pedro era \u201cseparar a los jugadores\u201d y evitar que la trifulca fuera a mayores. Al final del partido hay una situaci\u00f3n que creo es totalmente evitable, por parte de todos. [&hellip;]<\/p>\n","protected":false},"author":2,"featured_media":17686,"comment_status":"closed","ping_status":"open","sticky":false,"template":"","format":"standard","meta":{"_jetpack_memberships_contains_paid_content":false,"jnews-multi-image_gallery":[],"jnews_single_post":[],"jnews_primary_category":[],"jnews_social_meta":[],"jnews_paywall_metabox":[],"jnews_review":[],"enable_review":"","type":"","name":"","summary":"","brand":"","sku":"","good":[],"bad":[],"score_override":"","override_value":"","rating":[],"price":[],"jnews_override_counter":[],"jnews_post_split":[],"footnotes":""},"categories":[84],"tags":[],"class_list":["post-17687","post","type-post","status-publish","format-standard","has-post-thumbnail","hentry","category-deportes"],"jetpack_featured_media_url":"https:\/\/laserenaradio.cl\/web\/wp-content\/uploads\/2025\/07\/homepiaiextractoscrapimg_webpLuisEnriquefinalJoaoPedroera_0.webp","jetpack_sharing_enabled":true,"_links":{"self":[{"href":"https:\/\/laserenaradio.cl\/web\/wp-json\/wp\/v2\/posts\/17687","targetHints":{"allow":["GET"]}}],"collection":[{"href":"https:\/\/laserenaradio.cl\/web\/wp-json\/wp\/v2\/posts"}],"about":[{"href":"https:\/\/laserenaradio.cl\/web\/wp-json\/wp\/v2\/types\/post"}],"author":[{"embeddable":true,"href":"https:\/\/laserenaradio.cl\/web\/wp-json\/wp\/v2\/users\/2"}],"replies":[{"embeddable":true,"href":"https:\/\/laserenaradio.cl\/web\/wp-json\/wp\/v2\/comments?post=17687"}],"version-history":[{"count":1,"href":"https:\/\/laserenaradio.cl\/web\/wp-json\/wp\/v2\/posts\/17687\/revisions"}],"predecessor-version":[{"id":17688,"href":"https:\/\/laserenaradio.cl\/web\/wp-json\/wp\/v2\/posts\/17687\/revisions\/17688"}],"wp:featuredmedia":[{"embeddable":true,"href":"https:\/\/laserenaradio.cl\/web\/wp-json\/wp\/v2\/media\/17686"}],"wp:attachment":[{"href":"https:\/\/laserenaradio.cl\/web\/wp-json\/wp\/v2\/media?parent=17687"}],"wp:term":[{"taxonomy":"category","embeddable":true,"href":"https:\/\/laserenaradio.cl\/web\/wp-json\/wp\/v2\/categories?post=17687"},{"taxonomy":"post_tag","embeddable":true,"href":"https:\/\/laserenaradio.cl\/web\/wp-json\/wp\/v2\/tags?post=17687"}],"curies":[{"name":"wp","href":"https:\/\/api.w.org\/{rel}","templated":true}]}}