{"id":17684,"date":"2025-07-13T20:47:44","date_gmt":"2025-07-13T23:47:44","guid":{"rendered":"https:\/\/laserenaradio.cl\/web\/?p=17684"},"modified":"2025-07-13T20:47:44","modified_gmt":"2025-07-13T23:47:44","slug":"asesinato-a-balazos-en-cancha-de-futbol-de-colina","status":"publish","type":"post","link":"https:\/\/laserenaradio.cl\/web\/2025\/07\/13\/asesinato-a-balazos-en-cancha-de-futbol-de-colina\/","title":{"rendered":"Asesinato a balazos en cancha de f\u00fatbol de Colina."},"content":{"rendered":"<p>Dos hombres fueron asesinados a balazos este domingo en una cancha de f\u00fatbol en Colina, Regi\u00f3n Metropolitana. El incidente se produjo en el recinto deportivo San Jos\u00e9, ubicado en Lo Arcaya. Seg\u00fan las primeras investigaciones, un grupo indeterminado de individuos dispar\u00f3 contra dos personas, caus\u00e1ndoles la muerte.<\/p>\n<p>El Equipo contra el Crimen Organizado y Homicidios (ECOH) de la <a href=\"https:\/\/www.fiscaliadechile.cl\/\">Fiscal\u00eda<\/a> intervino r\u00e1pidamente en el lugar. Instruyeron a la Brigada de Homicidios Centro Norte de la Polic\u00eda de Investigaciones para profundizar las investigaciones y esclarecer las circunstancias del crimen.<\/p>\n","protected":false},"excerpt":{"rendered":"<p>Dos hombres fueron asesinados a balazos este domingo en una cancha de f\u00fatbol en Colina, Regi\u00f3n Metropolitana. El incidente se produjo en el recinto deportivo San Jos\u00e9, ubicado en Lo Arcaya. Seg\u00fan las primeras investigaciones, un grupo indeterminado de individuos dispar\u00f3 contra dos personas, caus\u00e1ndoles la muerte. El Equipo contra el Crimen Organizado y Homicidios [&hellip;]<\/p>\n","protected":false},"author":2,"featured_media":17683,"comment_status":"closed","ping_status":"open","sticky":false,"template":"","format":"standard","meta":{"_jetpack_memberships_contains_paid_content":false,"jnews-multi-image_gallery":[],"jnews_single_post":[],"jnews_primary_category":[],"jnews_social_meta":[],"jnews_paywall_metabox":[],"jnews_review":[],"enable_review":"","type":"","name":"","summary":"","brand":"","sku":"","good":[],"bad":[],"score_override":"","override_value":"","rating":[],"price":[],"jnews_override_counter":[],"jnews_post_split":[],"footnotes":""},"categories":[21],"tags":[],"class_list":["post-17684","post","type-post","status-publish","format-standard","has-post-thumbnail","hentry","category-nacional"],"jetpack_featured_media_url":"https:\/\/laserenaradio.cl\/web\/wp-content\/uploads\/2025\/07\/homepiaiextractoscrapimg_predeterminadalaserenaradio_ultimo_minuto-2.webp","jetpack_sharing_enabled":true,"_links":{"self":[{"href":"https:\/\/laserenaradio.cl\/web\/wp-json\/wp\/v2\/posts\/17684","targetHints":{"allow":["GET"]}}],"collection":[{"href":"https:\/\/laserenaradio.cl\/web\/wp-json\/wp\/v2\/posts"}],"about":[{"href":"https:\/\/laserenaradio.cl\/web\/wp-json\/wp\/v2\/types\/post"}],"author":[{"embeddable":true,"href":"https:\/\/laserenaradio.cl\/web\/wp-json\/wp\/v2\/users\/2"}],"replies":[{"embeddable":true,"href":"https:\/\/laserenaradio.cl\/web\/wp-json\/wp\/v2\/comments?post=17684"}],"version-history":[{"count":1,"href":"https:\/\/laserenaradio.cl\/web\/wp-json\/wp\/v2\/posts\/17684\/revisions"}],"predecessor-version":[{"id":17685,"href":"https:\/\/laserenaradio.cl\/web\/wp-json\/wp\/v2\/posts\/17684\/revisions\/17685"}],"wp:featuredmedia":[{"embeddable":true,"href":"https:\/\/laserenaradio.cl\/web\/wp-json\/wp\/v2\/media\/17683"}],"wp:attachment":[{"href":"https:\/\/laserenaradio.cl\/web\/wp-json\/wp\/v2\/media?parent=17684"}],"wp:term":[{"taxonomy":"category","embeddable":true,"href":"https:\/\/laserenaradio.cl\/web\/wp-json\/wp\/v2\/categories?post=17684"},{"taxonomy":"post_tag","embeddable":true,"href":"https:\/\/laserenaradio.cl\/web\/wp-json\/wp\/v2\/tags?post=17684"}],"curies":[{"name":"wp","href":"https:\/\/api.w.org\/{rel}","templated":true}]}}