{"id":17675,"date":"2025-07-13T20:33:53","date_gmt":"2025-07-13T23:33:53","guid":{"rendered":"https:\/\/laserenaradio.cl\/web\/?p=17675"},"modified":"2025-07-13T20:33:53","modified_gmt":"2025-07-13T23:33:53","slug":"la-alcaldesa-de-vina-del-mar-macarena-ripamonti-asistira-a-comision-especial-investigadora-por-megaincendio","status":"publish","type":"post","link":"https:\/\/laserenaradio.cl\/web\/2025\/07\/13\/la-alcaldesa-de-vina-del-mar-macarena-ripamonti-asistira-a-comision-especial-investigadora-por-megaincendio\/","title":{"rendered":"La alcaldesa de Vi\u00f1a del Mar, Macarena Ripamonti, asistir\u00e1 a Comisi\u00f3n Especial Investigadora por megaincendio."},"content":{"rendered":"<p>Este lunes al interior del Congreso Nacional se llevar\u00e1 a cabo la novena sesi\u00f3n de la Comisi\u00f3n Especial Investigadora por el megaincendio de Vi\u00f1a del Mar y Quilpu\u00e9. Asistir\u00e1n autoridades clave, incluyendo Joan Saavedra de Mateo, director de Obras, y Macarena Ripamonti, alcaldesa de la Ciudad Jard\u00edn, quien no asisti\u00f3 a la \u00faltima sesi\u00f3n pese a estar citada.<\/p>\n<p>El objetivo es aclarar el proceso de reconstrucci\u00f3n en las zonas afectadas y abordar denuncias sobre la falta de gesti\u00f3n para ayudar a los damnificados. Georgina Delgado, una damnificada del sector de Villa Hermosa en Vi\u00f1a del Mar, se\u00f1ala que la Municipalidad ha sido insuficiente en su apoyo a los problemas habitacionales.<\/p>\n<p>Nicol\u00e1s Birrell, presidente de la Fundaci\u00f3n Desaf\u00edo Levantemos Chile, citada tambi\u00e9n a la comisi\u00f3n, indica que la instituci\u00f3n buscar\u00e1 entregar alrededor de 50 casas definitivas en Quilpu\u00e9. Por su parte, el diputado Luis Cuello valor\u00f3 la labor de la fundaci\u00f3n y espera que en esta nueva instancia se revele c\u00f3mo contribuy\u00f3 el municipio vi\u00f1amarino a la reconstrucci\u00f3n.<\/p>\n<p>Finalmente, La Radio consult\u00f3 a la <a href=\"https:\/\/www.vinadelmarchile.cl\/\">Municipalidad de Vi\u00f1a del Mar<\/a> sobre la asistencia de la alcaldesa Macarena Ripamonti a la pr\u00f3xima sesi\u00f3n de la Comisi\u00f3n Especial Investigadora del megaincendio. Sin embargo, no obtuvo una respuesta formal al respecto.<\/p>\n","protected":false},"excerpt":{"rendered":"<p>Este lunes al interior del Congreso Nacional se llevar\u00e1 a cabo la novena sesi\u00f3n de la Comisi\u00f3n Especial Investigadora por el megaincendio de Vi\u00f1a del Mar y Quilpu\u00e9. Asistir\u00e1n autoridades clave, incluyendo Joan Saavedra de Mateo, director de Obras, y Macarena Ripamonti, alcaldesa de la Ciudad Jard\u00edn, quien no asisti\u00f3 a la \u00faltima sesi\u00f3n pese [&hellip;]<\/p>\n","protected":false},"author":2,"featured_media":17674,"comment_status":"closed","ping_status":"open","sticky":false,"template":"","format":"standard","meta":{"_jetpack_memberships_contains_paid_content":false,"jnews-multi-image_gallery":[],"jnews_single_post":[],"jnews_primary_category":[],"jnews_social_meta":[],"jnews_paywall_metabox":[],"jnews_review":[],"enable_review":"","type":"","name":"","summary":"","brand":"","sku":"","good":[],"bad":[],"score_override":"","override_value":"","rating":[],"price":[],"jnews_override_counter":[],"jnews_post_split":[],"footnotes":""},"categories":[21],"tags":[],"class_list":["post-17675","post","type-post","status-publish","format-standard","has-post-thumbnail","hentry","category-nacional"],"jetpack_featured_media_url":"https:\/\/laserenaradio.cl\/web\/wp-content\/uploads\/2025\/07\/homepiaiextractoscrapimg_webpMarEspecialInvestigadoramegaincendioMacarenaRipamonti_1.webp","jetpack_sharing_enabled":true,"_links":{"self":[{"href":"https:\/\/laserenaradio.cl\/web\/wp-json\/wp\/v2\/posts\/17675","targetHints":{"allow":["GET"]}}],"collection":[{"href":"https:\/\/laserenaradio.cl\/web\/wp-json\/wp\/v2\/posts"}],"about":[{"href":"https:\/\/laserenaradio.cl\/web\/wp-json\/wp\/v2\/types\/post"}],"author":[{"embeddable":true,"href":"https:\/\/laserenaradio.cl\/web\/wp-json\/wp\/v2\/users\/2"}],"replies":[{"embeddable":true,"href":"https:\/\/laserenaradio.cl\/web\/wp-json\/wp\/v2\/comments?post=17675"}],"version-history":[{"count":1,"href":"https:\/\/laserenaradio.cl\/web\/wp-json\/wp\/v2\/posts\/17675\/revisions"}],"predecessor-version":[{"id":17676,"href":"https:\/\/laserenaradio.cl\/web\/wp-json\/wp\/v2\/posts\/17675\/revisions\/17676"}],"wp:featuredmedia":[{"embeddable":true,"href":"https:\/\/laserenaradio.cl\/web\/wp-json\/wp\/v2\/media\/17674"}],"wp:attachment":[{"href":"https:\/\/laserenaradio.cl\/web\/wp-json\/wp\/v2\/media?parent=17675"}],"wp:term":[{"taxonomy":"category","embeddable":true,"href":"https:\/\/laserenaradio.cl\/web\/wp-json\/wp\/v2\/categories?post=17675"},{"taxonomy":"post_tag","embeddable":true,"href":"https:\/\/laserenaradio.cl\/web\/wp-json\/wp\/v2\/tags?post=17675"}],"curies":[{"name":"wp","href":"https:\/\/api.w.org\/{rel}","templated":true}]}}