{"id":17672,"date":"2025-07-13T14:55:35","date_gmt":"2025-07-13T17:55:35","guid":{"rendered":"https:\/\/laserenaradio.cl\/web\/?p=17672"},"modified":"2025-07-13T14:55:35","modified_gmt":"2025-07-13T17:55:35","slug":"liverpool-rinde-homenaje-a-jota","status":"publish","type":"post","link":"https:\/\/laserenaradio.cl\/web\/2025\/07\/13\/liverpool-rinde-homenaje-a-jota\/","title":{"rendered":"Liverpool rinde homenaje a Jota."},"content":{"rendered":"<p>Este domingo, el Liverpool de Inglaterra salt\u00f3 a la cancha para disputar su primer duelo amistoso tras la muerte de Diogo Jota y su hermano Andr\u00e9 Silva, ocurrida el 3 de julio. Tanto hinchas como jugadores estuvieron inmersos en un emotivo homenaje al jugador. En Deepdale, casa del Preston North End F.C., ninguno qued\u00f3 indiferente ante la tristeza que se respiraba.<\/p>\n<p>La ceremonia comenz\u00f3 con la entonaci\u00f3n de You&#8217;ll Never Walk Alone, el ic\u00f3nico himno de los fans Liverpool. El estadio reson\u00f3 con las voces emocionadas de hinchas y jugadores, reforzando la unidad del equipo en momentos dif\u00edciles.<\/p>\n<p>El capit\u00e1n de Preston, Ben Whiteman, agradeci\u00f3 p\u00fablicamente present\u00e1ndose con una corona de flores frente a los seguidores de Liverpool. Justo antes del pitazo inicial, el equipo se detuvo en el centro del campo para un minuto de silencio dedicado a Diogo Jota y Andr\u00e9 Silva.<\/p>\n<p>Mohamed Salah fue uno de los m\u00e1s impactados por la tristeza, mientras que Arne Slot y su cuerpo t\u00e9cnico no pudieron contener las l\u00e1grimas. El gesto del club reflej\u00f3 el profundo afecto y el respeto hacia los jugadores fallecidos, demostrando que el f\u00fatbol puede unir en momentos de dolor.<\/p>\n","protected":false},"excerpt":{"rendered":"<p>Este domingo, el Liverpool de Inglaterra salt\u00f3 a la cancha para disputar su primer duelo amistoso tras la muerte de Diogo Jota y su hermano Andr\u00e9 Silva, ocurrida el 3 de julio. Tanto hinchas como jugadores estuvieron inmersos en un emotivo homenaje al jugador. En Deepdale, casa del Preston North End F.C., ninguno qued\u00f3 indiferente [&hellip;]<\/p>\n","protected":false},"author":2,"featured_media":17671,"comment_status":"closed","ping_status":"open","sticky":false,"template":"","format":"standard","meta":{"_jetpack_memberships_contains_paid_content":false,"jnews-multi-image_gallery":[],"jnews_single_post":[],"jnews_primary_category":[],"jnews_social_meta":[],"jnews_paywall_metabox":[],"jnews_review":[],"enable_review":"","type":"","name":"","summary":"","brand":"","sku":"","good":[],"bad":[],"score_override":"","override_value":"","rating":[],"price":[],"jnews_override_counter":[],"jnews_post_split":[],"footnotes":""},"categories":[84],"tags":[],"class_list":["post-17672","post","type-post","status-publish","format-standard","has-post-thumbnail","hentry","category-deportes"],"jetpack_featured_media_url":"https:\/\/laserenaradio.cl\/web\/wp-content\/uploads\/2025\/07\/homepiaiextractoscrapimg_webpLiverpoolJota_0.webp","jetpack_sharing_enabled":true,"_links":{"self":[{"href":"https:\/\/laserenaradio.cl\/web\/wp-json\/wp\/v2\/posts\/17672","targetHints":{"allow":["GET"]}}],"collection":[{"href":"https:\/\/laserenaradio.cl\/web\/wp-json\/wp\/v2\/posts"}],"about":[{"href":"https:\/\/laserenaradio.cl\/web\/wp-json\/wp\/v2\/types\/post"}],"author":[{"embeddable":true,"href":"https:\/\/laserenaradio.cl\/web\/wp-json\/wp\/v2\/users\/2"}],"replies":[{"embeddable":true,"href":"https:\/\/laserenaradio.cl\/web\/wp-json\/wp\/v2\/comments?post=17672"}],"version-history":[{"count":1,"href":"https:\/\/laserenaradio.cl\/web\/wp-json\/wp\/v2\/posts\/17672\/revisions"}],"predecessor-version":[{"id":17673,"href":"https:\/\/laserenaradio.cl\/web\/wp-json\/wp\/v2\/posts\/17672\/revisions\/17673"}],"wp:featuredmedia":[{"embeddable":true,"href":"https:\/\/laserenaradio.cl\/web\/wp-json\/wp\/v2\/media\/17671"}],"wp:attachment":[{"href":"https:\/\/laserenaradio.cl\/web\/wp-json\/wp\/v2\/media?parent=17672"}],"wp:term":[{"taxonomy":"category","embeddable":true,"href":"https:\/\/laserenaradio.cl\/web\/wp-json\/wp\/v2\/categories?post=17672"},{"taxonomy":"post_tag","embeddable":true,"href":"https:\/\/laserenaradio.cl\/web\/wp-json\/wp\/v2\/tags?post=17672"}],"curies":[{"name":"wp","href":"https:\/\/api.w.org\/{rel}","templated":true}]}}