{"id":17666,"date":"2025-07-13T12:07:34","date_gmt":"2025-07-13T15:07:34","guid":{"rendered":"https:\/\/laserenaradio.cl\/web\/?p=17666"},"modified":"2025-07-13T12:07:34","modified_gmt":"2025-07-13T15:07:34","slug":"sevilla-ficha-a-gabriel-suazo","status":"publish","type":"post","link":"https:\/\/laserenaradio.cl\/web\/2025\/07\/13\/sevilla-ficha-a-gabriel-suazo\/","title":{"rendered":"Sevilla ficha a Gabriel Suazo."},"content":{"rendered":"<p>Gabriel Suazo, futbolista chileno, se convirti\u00f3 este s\u00e1bado en el segundo fichaje de la temporada del Sevilla luego de pasar los ex\u00e1menes m\u00e9dicos.<\/p>\n<p>Cabe recordar que \u2018Suazidane\u2019 -como fue apodado en Francia- llega como agente libre procedente del Toulouse franc\u00e9s. <\/p>\n<p>El club sevillano hizo oficial este s\u00e1bado el fichaje del lateral izquierdo para las tres pr\u00f3ximas temporadas.<\/p>\n<p>Suazo, que cumplir\u00e1 28 a\u00f1os en agosto y ha disputado una treinta de encuentros con la selecci\u00f3n absoluta de Chile, milit\u00f3 durante su etapa formativa en la academia de Colo Colo.<\/p>\n<p>Con los albos debut\u00f3 en 2015 y disput\u00f3 219 partidos oficiales hasta su traspaso al Toulouse, en enero de 2023.<\/p>\n<p>En este salto a Europa, el lateral zurdo sum\u00f3 97 encuentros en las tres temporadas que acumul\u00f3 en Francia, con protagonismo tanto en la Ligue 1 como en la UEFA Europa League, con 3 goles y 13 asistencias en total.<\/p>\n<p>Adem\u00e1s, Suazo tambi\u00e9n cuenta con una notable trayectoria con la selecci\u00f3n absoluta de Chile, combinado con el que debut\u00f3 en julio de 2017 y con el que acumula 33 presencias tanto en Copa Am\u00e9rica como en la clasificatoria para la Copa del Mundo.<\/p>\n<p>El futbolista nacido en San Bernardo (Regi\u00f3n Metropolitana de Santiago) ya ha llegado a Sevilla este s\u00e1bado y se incorporar\u00e1 el lunes a los trabajos que dirige el t\u00e9cnico argentino Mat\u00edas Almeyda. &#8220;Estoy muy feliz de poder estar ac\u00e1&#8221;, asegur\u00f3 el chileno tras la firma del contrato.<\/p>\n<p>A las pocas horas de la confirmaci\u00f3n de su incorporaci\u00f3n, Gabriel Suazo acompa\u00f1\u00f3 a sus nuevos compa\u00f1eros a un amistoso contra el Birmingham City FC, de la Championship (segunda divisi\u00f3n inglesa).<\/p>\n<p>Eso s\u00ed, Suazidane no tuvo acci\u00f3n en el campo de juego, y vio la derrota 1-3 de su equipo desde la grada. El lateral chileno aprovech\u00f3 de tener su primer contacto con la afici\u00f3n sevillana, que lo recibi\u00f3 como figura.<\/p>\n","protected":false},"excerpt":{"rendered":"<p>Gabriel Suazo, futbolista chileno, se convirti\u00f3 este s\u00e1bado en el segundo fichaje de la temporada del Sevilla luego de pasar los ex\u00e1menes m\u00e9dicos. Cabe recordar que \u2018Suazidane\u2019 -como fue apodado en Francia- llega como agente libre procedente del Toulouse franc\u00e9s. El club sevillano hizo oficial este s\u00e1bado el fichaje del lateral izquierdo para las tres [&hellip;]<\/p>\n","protected":false},"author":2,"featured_media":17665,"comment_status":"closed","ping_status":"open","sticky":false,"template":"","format":"standard","meta":{"_jetpack_memberships_contains_paid_content":false,"jnews-multi-image_gallery":[],"jnews_single_post":[],"jnews_primary_category":[],"jnews_social_meta":[],"jnews_paywall_metabox":[],"jnews_review":[],"enable_review":"","type":"","name":"","summary":"","brand":"","sku":"","good":[],"bad":[],"score_override":"","override_value":"","rating":[],"price":[],"jnews_override_counter":[],"jnews_post_split":[],"footnotes":""},"categories":[84],"tags":[],"class_list":["post-17666","post","type-post","status-publish","format-standard","has-post-thumbnail","hentry","category-deportes"],"jetpack_featured_media_url":"https:\/\/laserenaradio.cl\/web\/wp-content\/uploads\/2025\/07\/homepiaiextractoscrapimg_webpGabrielSuazochilenoSevillalateral_1.webp","jetpack_sharing_enabled":true,"_links":{"self":[{"href":"https:\/\/laserenaradio.cl\/web\/wp-json\/wp\/v2\/posts\/17666","targetHints":{"allow":["GET"]}}],"collection":[{"href":"https:\/\/laserenaradio.cl\/web\/wp-json\/wp\/v2\/posts"}],"about":[{"href":"https:\/\/laserenaradio.cl\/web\/wp-json\/wp\/v2\/types\/post"}],"author":[{"embeddable":true,"href":"https:\/\/laserenaradio.cl\/web\/wp-json\/wp\/v2\/users\/2"}],"replies":[{"embeddable":true,"href":"https:\/\/laserenaradio.cl\/web\/wp-json\/wp\/v2\/comments?post=17666"}],"version-history":[{"count":1,"href":"https:\/\/laserenaradio.cl\/web\/wp-json\/wp\/v2\/posts\/17666\/revisions"}],"predecessor-version":[{"id":17667,"href":"https:\/\/laserenaradio.cl\/web\/wp-json\/wp\/v2\/posts\/17666\/revisions\/17667"}],"wp:featuredmedia":[{"embeddable":true,"href":"https:\/\/laserenaradio.cl\/web\/wp-json\/wp\/v2\/media\/17665"}],"wp:attachment":[{"href":"https:\/\/laserenaradio.cl\/web\/wp-json\/wp\/v2\/media?parent=17666"}],"wp:term":[{"taxonomy":"category","embeddable":true,"href":"https:\/\/laserenaradio.cl\/web\/wp-json\/wp\/v2\/categories?post=17666"},{"taxonomy":"post_tag","embeddable":true,"href":"https:\/\/laserenaradio.cl\/web\/wp-json\/wp\/v2\/tags?post=17666"}],"curies":[{"name":"wp","href":"https:\/\/api.w.org\/{rel}","templated":true}]}}