{"id":17654,"date":"2025-07-13T00:07:56","date_gmt":"2025-07-13T03:07:56","guid":{"rendered":"https:\/\/laserenaradio.cl\/web\/?p=17654"},"modified":"2025-07-13T00:07:56","modified_gmt":"2025-07-13T03:07:56","slug":"fiscalia-formaliza-cargos-contra-camila-polizzi-por-delitos-tributarios","status":"publish","type":"post","link":"https:\/\/laserenaradio.cl\/web\/2025\/07\/13\/fiscalia-formaliza-cargos-contra-camila-polizzi-por-delitos-tributarios\/","title":{"rendered":"Fiscal\u00eda formaliza cargos contra Camila Polizzi por delitos tributarios"},"content":{"rendered":"<p><a href=\"https:\/\/www.fiscaliadechile.cl\/\">Fiscal\u00eda<\/a> arremete contra Camila Polizzi y Sebasti\u00e1n Polanco formalizando cargos por delitos tributarios. Estos nuevos procesamientos se suman a la investigaci\u00f3n de la Fundaci\u00f3n En Ti, donde Polizzi y Polanco son se\u00f1alados como administradores de 250 millones de pesos provenientes del Gobierno Regional del B\u00edo B\u00edo en 2023.<\/p>\n<p>El Servicio de Impuestos Internos present\u00f3 esta querella dentro de la arista Fundaci\u00f3n En Ti, ordenada por la Corte Suprema. Los cargos imputan a Polizzi y Polanco junto con Mat\u00edas Godoy, representante de Otec Frumisal, por omisi\u00f3n del pago de 16 millones de pesos en impuestos.<\/p>\n<p>Francisco Garc\u00eda, abogado de Camila Polizzi, descarta cualquier responsabilidad y prepara su defensa. La audiencia de formalizaci\u00f3n est\u00e1 programada para el 19 de agosto ante el Juzgado de Garant\u00eda de Concepci\u00f3n.<\/p>\n<p>Hans Laurie, por otro lado, anticipa que la estrategia defensiva frente a los cargos contra Mat\u00edas Godoy colisionar\u00e1 con esta nueva acusaci\u00f3n. Seg\u00fan Laurie, Polizzi y Polanco fueron los responsables de administrar los 250 millones de pesos transferidos desde el Gore.<\/p>\n<p>Adem\u00e1s de estos imputados principales, la querella del Servicio de Impuestos Internos incluye a Patrick Carrasco Candia, quien reemplaz\u00f3 a Polanco en Frumisal y tambi\u00e9n es considerado responsable por los delitos tributarios.<\/p>\n","protected":false},"excerpt":{"rendered":"<p>Fiscal\u00eda arremete contra Camila Polizzi y Sebasti\u00e1n Polanco formalizando cargos por delitos tributarios. Estos nuevos procesamientos se suman a la investigaci\u00f3n de la Fundaci\u00f3n En Ti, donde Polizzi y Polanco son se\u00f1alados como administradores de 250 millones de pesos provenientes del Gobierno Regional del B\u00edo B\u00edo en 2023. El Servicio de Impuestos Internos present\u00f3 esta [&hellip;]<\/p>\n","protected":false},"author":2,"featured_media":17653,"comment_status":"closed","ping_status":"open","sticky":false,"template":"","format":"standard","meta":{"_jetpack_memberships_contains_paid_content":false,"jnews-multi-image_gallery":[],"jnews_single_post":[],"jnews_primary_category":[],"jnews_social_meta":[],"jnews_paywall_metabox":[],"jnews_review":[],"enable_review":"","type":"","name":"","summary":"","brand":"","sku":"","good":[],"bad":[],"score_override":"","override_value":"","rating":[],"price":[],"jnews_override_counter":[],"jnews_post_split":[],"footnotes":""},"categories":[21],"tags":[],"class_list":["post-17654","post","type-post","status-publish","format-standard","has-post-thumbnail","hentry","category-nacional"],"jetpack_featured_media_url":"https:\/\/laserenaradio.cl\/web\/wp-content\/uploads\/2025\/07\/homepiaiextractoscrapimg_webpPolancocargoscontraCamilaPolizzi_1.webp","jetpack_sharing_enabled":true,"_links":{"self":[{"href":"https:\/\/laserenaradio.cl\/web\/wp-json\/wp\/v2\/posts\/17654","targetHints":{"allow":["GET"]}}],"collection":[{"href":"https:\/\/laserenaradio.cl\/web\/wp-json\/wp\/v2\/posts"}],"about":[{"href":"https:\/\/laserenaradio.cl\/web\/wp-json\/wp\/v2\/types\/post"}],"author":[{"embeddable":true,"href":"https:\/\/laserenaradio.cl\/web\/wp-json\/wp\/v2\/users\/2"}],"replies":[{"embeddable":true,"href":"https:\/\/laserenaradio.cl\/web\/wp-json\/wp\/v2\/comments?post=17654"}],"version-history":[{"count":1,"href":"https:\/\/laserenaradio.cl\/web\/wp-json\/wp\/v2\/posts\/17654\/revisions"}],"predecessor-version":[{"id":17655,"href":"https:\/\/laserenaradio.cl\/web\/wp-json\/wp\/v2\/posts\/17654\/revisions\/17655"}],"wp:featuredmedia":[{"embeddable":true,"href":"https:\/\/laserenaradio.cl\/web\/wp-json\/wp\/v2\/media\/17653"}],"wp:attachment":[{"href":"https:\/\/laserenaradio.cl\/web\/wp-json\/wp\/v2\/media?parent=17654"}],"wp:term":[{"taxonomy":"category","embeddable":true,"href":"https:\/\/laserenaradio.cl\/web\/wp-json\/wp\/v2\/categories?post=17654"},{"taxonomy":"post_tag","embeddable":true,"href":"https:\/\/laserenaradio.cl\/web\/wp-json\/wp\/v2\/tags?post=17654"}],"curies":[{"name":"wp","href":"https:\/\/api.w.org\/{rel}","templated":true}]}}