{"id":17647,"date":"2025-07-13T00:02:22","date_gmt":"2025-07-13T03:02:22","guid":{"rendered":"https:\/\/laserenaradio.cl\/web\/?p=17647"},"modified":"2025-07-13T00:02:22","modified_gmt":"2025-07-13T03:02:22","slug":"arturo-vidal-critica-a-universidad-de-chile-tras-derrota","status":"publish","type":"post","link":"https:\/\/laserenaradio.cl\/web\/2025\/07\/13\/arturo-vidal-critica-a-universidad-de-chile-tras-derrota\/","title":{"rendered":"Arturo Vidal critica a Universidad de Chile tras derrota."},"content":{"rendered":"<p>Arturo Vidal tuvo una \u2018picante\u2019 reacci\u00f3n tras la ca\u00edda de Colo Colo ante Universidad de Chile en el Supercl\u00e1sico 197 del f\u00fatbol chileno. Tras el partido, que termin\u00f3 2-1 a favor de los azules, el volante de los albos utiliz\u00f3 sus redes sociales para enviar un \u00e1cido mensaje dedicado al \u2018rom\u00e1ntico viajero\u2019. La diferencia de un ganador y un perdedor. Ganar partidos lo hace cualquiera, ganar t\u00edtulos somos pocos\u201d, escribi\u00f3 el king en sus historias de Instagram.<\/p>\n<p>Respecto al partido, Charles Ar\u00e1nguiz anot\u00f3 un doblete para los azules, mientras que el descuento vino por Claudio Aquino. Esteban Pavez se fue expulsado y el Jorge Almir\u00f3n tambi\u00e9n, este \u00faltimo por reclamos al final del compromiso.<\/p>\n<p>Con este triunfo, la U lleg\u00f3 a 31 puntos y qued\u00f3 en la tercera posici\u00f3n de La Liga de Primera, a solo una unidad de los l\u00edderes Audax Italiano y Coquimbo Unido. Colo Colo, en tanto, se aleja de la cima y queda estancado noveno con 21 positivos.<\/p>\n","protected":false},"excerpt":{"rendered":"<p>Arturo Vidal tuvo una \u2018picante\u2019 reacci\u00f3n tras la ca\u00edda de Colo Colo ante Universidad de Chile en el Supercl\u00e1sico 197 del f\u00fatbol chileno. Tras el partido, que termin\u00f3 2-1 a favor de los azules, el volante de los albos utiliz\u00f3 sus redes sociales para enviar un \u00e1cido mensaje dedicado al \u2018rom\u00e1ntico viajero\u2019. La diferencia de [&hellip;]<\/p>\n","protected":false},"author":2,"featured_media":17646,"comment_status":"closed","ping_status":"open","sticky":false,"template":"","format":"standard","meta":{"_jetpack_memberships_contains_paid_content":false,"jnews-multi-image_gallery":[],"jnews_single_post":[],"jnews_primary_category":[],"jnews_social_meta":[],"jnews_paywall_metabox":[],"jnews_review":[],"enable_review":"","type":"","name":"","summary":"","brand":"","sku":"","good":[],"bad":[],"score_override":"","override_value":"","rating":[],"price":[],"jnews_override_counter":[],"jnews_post_split":[],"footnotes":""},"categories":[84],"tags":[],"class_list":["post-17647","post","type-post","status-publish","format-standard","has-post-thumbnail","hentry","category-deportes"],"jetpack_featured_media_url":"https:\/\/laserenaradio.cl\/web\/wp-content\/uploads\/2025\/07\/homepiaiextractoscrapimg_webpArturoVidalColoColoUniversidadChile_0.webp","jetpack_sharing_enabled":true,"_links":{"self":[{"href":"https:\/\/laserenaradio.cl\/web\/wp-json\/wp\/v2\/posts\/17647","targetHints":{"allow":["GET"]}}],"collection":[{"href":"https:\/\/laserenaradio.cl\/web\/wp-json\/wp\/v2\/posts"}],"about":[{"href":"https:\/\/laserenaradio.cl\/web\/wp-json\/wp\/v2\/types\/post"}],"author":[{"embeddable":true,"href":"https:\/\/laserenaradio.cl\/web\/wp-json\/wp\/v2\/users\/2"}],"replies":[{"embeddable":true,"href":"https:\/\/laserenaradio.cl\/web\/wp-json\/wp\/v2\/comments?post=17647"}],"version-history":[{"count":1,"href":"https:\/\/laserenaradio.cl\/web\/wp-json\/wp\/v2\/posts\/17647\/revisions"}],"predecessor-version":[{"id":17648,"href":"https:\/\/laserenaradio.cl\/web\/wp-json\/wp\/v2\/posts\/17647\/revisions\/17648"}],"wp:featuredmedia":[{"embeddable":true,"href":"https:\/\/laserenaradio.cl\/web\/wp-json\/wp\/v2\/media\/17646"}],"wp:attachment":[{"href":"https:\/\/laserenaradio.cl\/web\/wp-json\/wp\/v2\/media?parent=17647"}],"wp:term":[{"taxonomy":"category","embeddable":true,"href":"https:\/\/laserenaradio.cl\/web\/wp-json\/wp\/v2\/categories?post=17647"},{"taxonomy":"post_tag","embeddable":true,"href":"https:\/\/laserenaradio.cl\/web\/wp-json\/wp\/v2\/tags?post=17647"}],"curies":[{"name":"wp","href":"https:\/\/api.w.org\/{rel}","templated":true}]}}