{"id":17644,"date":"2025-07-13T00:00:35","date_gmt":"2025-07-13T03:00:35","guid":{"rendered":"https:\/\/laserenaradio.cl\/web\/?p=17644"},"modified":"2025-07-13T00:00:35","modified_gmt":"2025-07-13T03:00:35","slug":"chile-y-estados-unidos-definiran-nueva-ronda-de-conversaciones-comerciales","status":"publish","type":"post","link":"https:\/\/laserenaradio.cl\/web\/2025\/07\/13\/chile-y-estados-unidos-definiran-nueva-ronda-de-conversaciones-comerciales\/","title":{"rendered":"Chile y Estados Unidos definir\u00e1n nueva ronda de conversaciones comerciales."},"content":{"rendered":"<p>Tras una semana marcada por el anuncio del Presidente Donald Trump de aranceles al cobre, el Gobierno anunci\u00f3 la tarde de este s\u00e1bado que se defini\u00f3 una nueva ronda de conversaciones presenciales entre Chile y Estados Unidos.<\/p>\n<p>La agenda contempla que entre el 28 y 31 de este mes, se reunir\u00e1n en Washington equipos t\u00e9cnicos de la Subsecretar\u00eda de Relaciones Econ\u00f3micas Internacionales y del <a href=\"https:\/\/www.hacienda.cl\/\">Ministerio de Hacienda<\/a> con sus contrapartes de la Oficina del Representante Comercial de Estados Unidos (USTR).<\/p>\n<p>La finalidad es avanzar en la hoja de ruta conjunta que busca fortalecer la relaci\u00f3n econ\u00f3mica-comercial bilateral en beneficio de ambos pa\u00edses.<\/p>\n<p>Durante el encuentro -que se suma al realizado entre el 17 y 20 de junio- se continuar\u00e1 abordando, en detalle, las materias definidas el pasado 16 de abril: barreras arancelarias y no arancelarias, econom\u00eda digital, seguridad econ\u00f3mica y consideraciones comerciales.<\/p>\n<p>En el comunicado de la Subrei de este s\u00e1bado se precis\u00f3, adem\u00e1s, que se acord\u00f3 la firma de un acuerdo de confidencialidad y la definici\u00f3n de un cronograma de trabajo con el objetivo de finalizar las conversaciones en el menor plazo posible.<\/p>\n<p>Estados Unidos es el segundo socio comercial de Chile. Al cierre de 2024, el intercambio comercial alcanz\u00f3 los US$ 31.636 millones, un crecimiento promedio anual de 6,3% en los \u00faltimos seis a\u00f1os.<\/p>\n","protected":false},"excerpt":{"rendered":"<p>Tras una semana marcada por el anuncio del Presidente Donald Trump de aranceles al cobre, el Gobierno anunci\u00f3 la tarde de este s\u00e1bado que se defini\u00f3 una nueva ronda de conversaciones presenciales entre Chile y Estados Unidos. La agenda contempla que entre el 28 y 31 de este mes, se reunir\u00e1n en Washington equipos t\u00e9cnicos [&hellip;]<\/p>\n","protected":false},"author":2,"featured_media":17643,"comment_status":"closed","ping_status":"open","sticky":false,"template":"","format":"standard","meta":{"_jetpack_memberships_contains_paid_content":false,"jnews-multi-image_gallery":[],"jnews_single_post":[],"jnews_primary_category":[],"jnews_social_meta":[],"jnews_paywall_metabox":[],"jnews_review":[],"enable_review":"","type":"","name":"","summary":"","brand":"","sku":"","good":[],"bad":[],"score_override":"","override_value":"","rating":[],"price":[],"jnews_override_counter":[],"jnews_post_split":[],"footnotes":""},"categories":[85],"tags":[],"class_list":["post-17644","post","type-post","status-publish","format-standard","has-post-thumbnail","hentry","category-economia"],"jetpack_featured_media_url":"https:\/\/laserenaradio.cl\/web\/wp-content\/uploads\/2025\/07\/homepiaiextractoscrapimg_webpEstadosUnidosconversacionesChilecomercial_0.webp","jetpack_sharing_enabled":true,"_links":{"self":[{"href":"https:\/\/laserenaradio.cl\/web\/wp-json\/wp\/v2\/posts\/17644","targetHints":{"allow":["GET"]}}],"collection":[{"href":"https:\/\/laserenaradio.cl\/web\/wp-json\/wp\/v2\/posts"}],"about":[{"href":"https:\/\/laserenaradio.cl\/web\/wp-json\/wp\/v2\/types\/post"}],"author":[{"embeddable":true,"href":"https:\/\/laserenaradio.cl\/web\/wp-json\/wp\/v2\/users\/2"}],"replies":[{"embeddable":true,"href":"https:\/\/laserenaradio.cl\/web\/wp-json\/wp\/v2\/comments?post=17644"}],"version-history":[{"count":1,"href":"https:\/\/laserenaradio.cl\/web\/wp-json\/wp\/v2\/posts\/17644\/revisions"}],"predecessor-version":[{"id":17645,"href":"https:\/\/laserenaradio.cl\/web\/wp-json\/wp\/v2\/posts\/17644\/revisions\/17645"}],"wp:featuredmedia":[{"embeddable":true,"href":"https:\/\/laserenaradio.cl\/web\/wp-json\/wp\/v2\/media\/17643"}],"wp:attachment":[{"href":"https:\/\/laserenaradio.cl\/web\/wp-json\/wp\/v2\/media?parent=17644"}],"wp:term":[{"taxonomy":"category","embeddable":true,"href":"https:\/\/laserenaradio.cl\/web\/wp-json\/wp\/v2\/categories?post=17644"},{"taxonomy":"post_tag","embeddable":true,"href":"https:\/\/laserenaradio.cl\/web\/wp-json\/wp\/v2\/tags?post=17644"}],"curies":[{"name":"wp","href":"https:\/\/api.w.org\/{rel}","templated":true}]}}