{"id":17641,"date":"2025-07-12T23:58:37","date_gmt":"2025-07-13T02:58:37","guid":{"rendered":"https:\/\/laserenaradio.cl\/web\/?p=17641"},"modified":"2025-07-12T23:58:37","modified_gmt":"2025-07-13T02:58:37","slug":"dos-chilenos-condenados-por-racismo-en-partidos-de-copa-sudamericana-y-libertadores","status":"publish","type":"post","link":"https:\/\/laserenaradio.cl\/web\/2025\/07\/12\/dos-chilenos-condenados-por-racismo-en-partidos-de-copa-sudamericana-y-libertadores\/","title":{"rendered":"Dos chilenos condenados por racismo en partidos de Copa Sudamericana y Libertadores."},"content":{"rendered":"<p>La Justicia brasile\u00f1a conden\u00f3 a dos a\u00f1os de prisi\u00f3n a dos hinchas chilenos por realizar gestos racistas en partidos de Copa Sudamericana y Libertadores, en R\u00edo de Janeiro en mayo. Se trata de Gianny Antonio Gonz\u00e1lez de La Vega G\u00e1lvez, que cometi\u00f3 racismo durante un partido entre Botafogo y Universidad de Chile; y de Baltazar Mart\u00edn L\u00f3pez, que lo hizo frente a Fluminense y Uni\u00f3n Espa\u00f1ola, seg\u00fan inform\u00f3 el Ministerio P\u00fablico del Estado de R\u00edo de Janeiro.<\/p>\n<p>De acuerdo con las denuncias realizadas, ambos hinchas chilenos gesticularon como monos, un insulto com\u00fan en f\u00fatbol latinoamericano que se dirige contra jugadores brasile\u00f1os negros. Frente a las hinchadas rivales, esta conducta fue considerada un grave ataque a la dignidad humana.<\/p>\n<p>Los acusados contar\u00e1n con la posibilidad de abonar una multa para evitar la prisi\u00f3n, pero debido al fallo judicial no podr\u00e1n asistir a recintos deportivos, art\u00edsticos o culturales p\u00fablicos durante tres a\u00f1os. Este castigo busca reforzar el respeto y la igualdad en la pasi\u00f3n del f\u00fatbol.<\/p>\n<p>El tribunal destac\u00f3 que &#8220;la conducta de los acusados viola la dignidad humana&#8221;, aclarando que, aunque el f\u00fatbol despierta pasiones tanto de hinchas como de jugadores, &#8220;no se puede permitir que traspase los l\u00edmites de la legalidad&#8221;.<\/p>\n","protected":false},"excerpt":{"rendered":"<p>La Justicia brasile\u00f1a conden\u00f3 a dos a\u00f1os de prisi\u00f3n a dos hinchas chilenos por realizar gestos racistas en partidos de Copa Sudamericana y Libertadores, en R\u00edo de Janeiro en mayo. Se trata de Gianny Antonio Gonz\u00e1lez de La Vega G\u00e1lvez, que cometi\u00f3 racismo durante un partido entre Botafogo y Universidad de Chile; y de Baltazar [&hellip;]<\/p>\n","protected":false},"author":2,"featured_media":17640,"comment_status":"closed","ping_status":"open","sticky":false,"template":"","format":"standard","meta":{"_jetpack_memberships_contains_paid_content":false,"jnews-multi-image_gallery":[],"jnews_single_post":[],"jnews_primary_category":[],"jnews_social_meta":[],"jnews_paywall_metabox":[],"jnews_review":[],"enable_review":"","type":"","name":"","summary":"","brand":"","sku":"","good":[],"bad":[],"score_override":"","override_value":"","rating":[],"price":[],"jnews_override_counter":[],"jnews_post_split":[],"footnotes":""},"categories":[84],"tags":[],"class_list":["post-17641","post","type-post","status-publish","format-standard","has-post-thumbnail","hentry","category-deportes"],"jetpack_featured_media_url":"https:\/\/laserenaradio.cl\/web\/wp-content\/uploads\/2025\/07\/homepiaiextractoscrapimg_webphinchaschilenospartidosCopaSudamericana_1.webp","jetpack_sharing_enabled":true,"_links":{"self":[{"href":"https:\/\/laserenaradio.cl\/web\/wp-json\/wp\/v2\/posts\/17641","targetHints":{"allow":["GET"]}}],"collection":[{"href":"https:\/\/laserenaradio.cl\/web\/wp-json\/wp\/v2\/posts"}],"about":[{"href":"https:\/\/laserenaradio.cl\/web\/wp-json\/wp\/v2\/types\/post"}],"author":[{"embeddable":true,"href":"https:\/\/laserenaradio.cl\/web\/wp-json\/wp\/v2\/users\/2"}],"replies":[{"embeddable":true,"href":"https:\/\/laserenaradio.cl\/web\/wp-json\/wp\/v2\/comments?post=17641"}],"version-history":[{"count":1,"href":"https:\/\/laserenaradio.cl\/web\/wp-json\/wp\/v2\/posts\/17641\/revisions"}],"predecessor-version":[{"id":17642,"href":"https:\/\/laserenaradio.cl\/web\/wp-json\/wp\/v2\/posts\/17641\/revisions\/17642"}],"wp:featuredmedia":[{"embeddable":true,"href":"https:\/\/laserenaradio.cl\/web\/wp-json\/wp\/v2\/media\/17640"}],"wp:attachment":[{"href":"https:\/\/laserenaradio.cl\/web\/wp-json\/wp\/v2\/media?parent=17641"}],"wp:term":[{"taxonomy":"category","embeddable":true,"href":"https:\/\/laserenaradio.cl\/web\/wp-json\/wp\/v2\/categories?post=17641"},{"taxonomy":"post_tag","embeddable":true,"href":"https:\/\/laserenaradio.cl\/web\/wp-json\/wp\/v2\/tags?post=17641"}],"curies":[{"name":"wp","href":"https:\/\/api.w.org\/{rel}","templated":true}]}}