{"id":17638,"date":"2025-07-12T11:59:56","date_gmt":"2025-07-12T14:59:56","guid":{"rendered":"https:\/\/laserenaradio.cl\/web\/?p=17638"},"modified":"2025-07-12T11:59:56","modified_gmt":"2025-07-12T14:59:56","slug":"martin-de-los-santos-cuestiona-a-juez-brasileno-durante-detencion","status":"publish","type":"post","link":"https:\/\/laserenaradio.cl\/web\/2025\/07\/12\/martin-de-los-santos-cuestiona-a-juez-brasileno-durante-detencion\/","title":{"rendered":"Mart\u00edn de Los Santos cuestiona a juez brasile\u00f1o durante detenci\u00f3n."},"content":{"rendered":"<p>Mart\u00edn de Los Santos volvi\u00f3 a enfrentarse a un juez durante su detenci\u00f3n en Brasil, mientras aguarda el avance del proceso de extradici\u00f3n para comparecer ante la justicia chilena. El matinal de Mega revel\u00f3 un video de la audiencia, donde se le acusa por lesiones graves contra un conserje de 70 a\u00f1os en Vitacura.<\/p>\n<p>En la audiencia anterior, celebrada el pasado 23 de junio, de Los Santos mostr\u00f3 una actitud similar a la de su revisi\u00f3n de medidas cautelares. Durante esa ocasi\u00f3n, donde se decret\u00f3 su prisi\u00f3n preventiva, protest\u00f3 contra la jueza del Cuarto Juzgado de Garant\u00eda, Cecilia Villanueva.<\/p>\n<p>Ahora, el juez federal comunic\u00f3 formalmente los motivos de su detenci\u00f3n a Mart\u00edn de Los Santos: lesiones graves y menores, adem\u00e1s de amenazas a <a href=\"https:\/\/www.carabineros.cl\/\">Carabineros<\/a>. De Los Santos replic\u00f3 inmediatamente: &#8220;Es una exageraci\u00f3n, lo lamento&#8221;, a\u00f1adiendo que fue interrumpido por el juez.<\/p>\n<p>El imputado sigui\u00f3 su discurso cuestionando la competencia del magistrado para tratar los motivos de su detenci\u00f3n. Pregunt\u00f3: &#8220;\u00bfPor qu\u00e9 no?&#8221; A lo que este respondi\u00f3: &#8220;Porque no tengo competencia para eso&#8221;.<\/p>\n<p>De Los Santos argument\u00f3 que su detenci\u00f3n en Brasil fue ilegal y exigi\u00f3 hablar con su abogado, quien se encuentra en ese pa\u00eds. Expres\u00f3: &#8220;Mi abogado de aqu\u00ed, brasile\u00f1o\u2026 constitucionalista. No puedo defenderme solo&#8221;. <\/p>\n<p>Adem\u00e1s, critic\u00f3 la competencia del juez para su detenci\u00f3n. Declar\u00f3: &#8220;T\u00fa me est\u00e1s vulnerando mis derechos ahora. Yo no deber\u00eda estar encerrado. No me deber\u00edan detener. Lo siento, todo el mundo se va a enterar. Esa orden es ilegal&#8221;.<\/p>\n<p>Incluso, no olvid\u00f3 mencionar a la jueza Cecilia Villanueva, quien decret\u00f3 su prisi\u00f3n preventiva el pasado 23 de junio: &#8220;Esa orden (de detenci\u00f3n) es ilegal. Todo bien, pero la jueza no puede seguir el caso. Ella ya est\u00e1 interdicta\u2026 Ya no vale la pena seguir hablando&#8221;.<\/p>\n","protected":false},"excerpt":{"rendered":"<p>Mart\u00edn de Los Santos volvi\u00f3 a enfrentarse a un juez durante su detenci\u00f3n en Brasil, mientras aguarda el avance del proceso de extradici\u00f3n para comparecer ante la justicia chilena. El matinal de Mega revel\u00f3 un video de la audiencia, donde se le acusa por lesiones graves contra un conserje de 70 a\u00f1os en Vitacura. En [&hellip;]<\/p>\n","protected":false},"author":2,"featured_media":17637,"comment_status":"closed","ping_status":"open","sticky":false,"template":"","format":"standard","meta":{"_jetpack_memberships_contains_paid_content":false,"jnews-multi-image_gallery":[],"jnews_single_post":[],"jnews_primary_category":[],"jnews_social_meta":[],"jnews_paywall_metabox":[],"jnews_review":[],"enable_review":"","type":"","name":"","summary":"","brand":"","sku":"","good":[],"bad":[],"score_override":"","override_value":"","rating":[],"price":[],"jnews_override_counter":[],"jnews_post_split":[],"footnotes":""},"categories":[21],"tags":[],"class_list":["post-17638","post","type-post","status-publish","format-standard","has-post-thumbnail","hentry","category-nacional"],"jetpack_featured_media_url":"https:\/\/laserenaradio.cl\/web\/wp-content\/uploads\/2025\/07\/homepiaiextractoscrapimg_predeterminadalaserenaradio_nacional-14.webp","jetpack_sharing_enabled":true,"_links":{"self":[{"href":"https:\/\/laserenaradio.cl\/web\/wp-json\/wp\/v2\/posts\/17638","targetHints":{"allow":["GET"]}}],"collection":[{"href":"https:\/\/laserenaradio.cl\/web\/wp-json\/wp\/v2\/posts"}],"about":[{"href":"https:\/\/laserenaradio.cl\/web\/wp-json\/wp\/v2\/types\/post"}],"author":[{"embeddable":true,"href":"https:\/\/laserenaradio.cl\/web\/wp-json\/wp\/v2\/users\/2"}],"replies":[{"embeddable":true,"href":"https:\/\/laserenaradio.cl\/web\/wp-json\/wp\/v2\/comments?post=17638"}],"version-history":[{"count":1,"href":"https:\/\/laserenaradio.cl\/web\/wp-json\/wp\/v2\/posts\/17638\/revisions"}],"predecessor-version":[{"id":17639,"href":"https:\/\/laserenaradio.cl\/web\/wp-json\/wp\/v2\/posts\/17638\/revisions\/17639"}],"wp:featuredmedia":[{"embeddable":true,"href":"https:\/\/laserenaradio.cl\/web\/wp-json\/wp\/v2\/media\/17637"}],"wp:attachment":[{"href":"https:\/\/laserenaradio.cl\/web\/wp-json\/wp\/v2\/media?parent=17638"}],"wp:term":[{"taxonomy":"category","embeddable":true,"href":"https:\/\/laserenaradio.cl\/web\/wp-json\/wp\/v2\/categories?post=17638"},{"taxonomy":"post_tag","embeddable":true,"href":"https:\/\/laserenaradio.cl\/web\/wp-json\/wp\/v2\/tags?post=17638"}],"curies":[{"name":"wp","href":"https:\/\/api.w.org\/{rel}","templated":true}]}}