{"id":17629,"date":"2025-07-12T11:43:15","date_gmt":"2025-07-12T14:43:15","guid":{"rendered":"https:\/\/laserenaradio.cl\/web\/?p=17629"},"modified":"2025-07-12T11:43:15","modified_gmt":"2025-07-12T14:43:15","slug":"detienen-al-presunto-asesino-del-exboxeador-joel-mayo","status":"publish","type":"post","link":"https:\/\/laserenaradio.cl\/web\/2025\/07\/12\/detienen-al-presunto-asesino-del-exboxeador-joel-mayo\/","title":{"rendered":"Detienen al presunto asesino del exboxeador Joel Mayo"},"content":{"rendered":"<p>Esta ma\u00f1ana, personal policial detuvo en Villarrica -regi\u00f3n de La Araucan\u00eda- al presunto autor del asesinato del exboxeador Joel Mayo. Perdi\u00f3 la vida esta jornada producto de un ataque con arma blanca que sufri\u00f3 ayer viernes.<\/p>\n<p>Seg\u00fan inform\u00f3 La Radio, el detenido es vecino del exboxeador. En el transcurso del d\u00eda, se realizar\u00e1 la respectiva audiencia de control de detenci\u00f3n en el Tribunal de Garant\u00eda de Villarrica.<\/p>\n","protected":false},"excerpt":{"rendered":"<p>Esta ma\u00f1ana, personal policial detuvo en Villarrica -regi\u00f3n de La Araucan\u00eda- al presunto autor del asesinato del exboxeador Joel Mayo. Perdi\u00f3 la vida esta jornada producto de un ataque con arma blanca que sufri\u00f3 ayer viernes. Seg\u00fan inform\u00f3 La Radio, el detenido es vecino del exboxeador. En el transcurso del d\u00eda, se realizar\u00e1 la respectiva [&hellip;]<\/p>\n","protected":false},"author":2,"featured_media":17628,"comment_status":"closed","ping_status":"open","sticky":false,"template":"","format":"standard","meta":{"_jetpack_memberships_contains_paid_content":false,"jnews-multi-image_gallery":[],"jnews_single_post":[],"jnews_primary_category":[],"jnews_social_meta":[],"jnews_paywall_metabox":[],"jnews_review":[],"enable_review":"","type":"","name":"","summary":"","brand":"","sku":"","good":[],"bad":[],"score_override":"","override_value":"","rating":[],"price":[],"jnews_override_counter":[],"jnews_post_split":[],"footnotes":""},"categories":[21],"tags":[],"class_list":["post-17629","post","type-post","status-publish","format-standard","has-post-thumbnail","hentry","category-nacional"],"jetpack_featured_media_url":"https:\/\/laserenaradio.cl\/web\/wp-content\/uploads\/2025\/07\/homepiaiextractoscrapimg_webpDetienenJoel_1.webp","jetpack_sharing_enabled":true,"_links":{"self":[{"href":"https:\/\/laserenaradio.cl\/web\/wp-json\/wp\/v2\/posts\/17629","targetHints":{"allow":["GET"]}}],"collection":[{"href":"https:\/\/laserenaradio.cl\/web\/wp-json\/wp\/v2\/posts"}],"about":[{"href":"https:\/\/laserenaradio.cl\/web\/wp-json\/wp\/v2\/types\/post"}],"author":[{"embeddable":true,"href":"https:\/\/laserenaradio.cl\/web\/wp-json\/wp\/v2\/users\/2"}],"replies":[{"embeddable":true,"href":"https:\/\/laserenaradio.cl\/web\/wp-json\/wp\/v2\/comments?post=17629"}],"version-history":[{"count":1,"href":"https:\/\/laserenaradio.cl\/web\/wp-json\/wp\/v2\/posts\/17629\/revisions"}],"predecessor-version":[{"id":17630,"href":"https:\/\/laserenaradio.cl\/web\/wp-json\/wp\/v2\/posts\/17629\/revisions\/17630"}],"wp:featuredmedia":[{"embeddable":true,"href":"https:\/\/laserenaradio.cl\/web\/wp-json\/wp\/v2\/media\/17628"}],"wp:attachment":[{"href":"https:\/\/laserenaradio.cl\/web\/wp-json\/wp\/v2\/media?parent=17629"}],"wp:term":[{"taxonomy":"category","embeddable":true,"href":"https:\/\/laserenaradio.cl\/web\/wp-json\/wp\/v2\/categories?post=17629"},{"taxonomy":"post_tag","embeddable":true,"href":"https:\/\/laserenaradio.cl\/web\/wp-json\/wp\/v2\/tags?post=17629"}],"curies":[{"name":"wp","href":"https:\/\/api.w.org\/{rel}","templated":true}]}}