{"id":17626,"date":"2025-07-12T11:41:16","date_gmt":"2025-07-12T14:41:16","guid":{"rendered":"https:\/\/laserenaradio.cl\/web\/?p=17626"},"modified":"2025-07-12T11:41:16","modified_gmt":"2025-07-12T14:41:16","slug":"universidad-de-chile-vs-colo-colo-enfrentan-presion-para-superar-al-lider","status":"publish","type":"post","link":"https:\/\/laserenaradio.cl\/web\/2025\/07\/12\/universidad-de-chile-vs-colo-colo-enfrentan-presion-para-superar-al-lider\/","title":{"rendered":"Universidad de Chile vs Colo Colo: enfrentan presi\u00f3n para superar al l\u00edder."},"content":{"rendered":"<p>Este s\u00e1bado se disputar\u00e1 la edici\u00f3n 197 del Supercl\u00e1sico chileno entre Universidad de Chile vs Colo Colo, en el Estadio Nacional. El \u2018rom\u00e1ntico viajero\u2019 aspira derrotar a los albos para poner presi\u00f3n a Coquimbo Unido y Audax Italiano, l\u00edderes del campeonato.<\/p>\n<p>Sin embargo, Gustavo \u00c1lvarez enfrentar\u00e1 complicaciones, pues Leandro Fern\u00e1ndez (molestias f\u00edsicas) y Lucas Di Yorio (suspendidos tras ver la tarjeta roja ante Uni\u00f3n Espa\u00f1ola) no podr\u00e1n participar. Esto oblig\u00f3 al t\u00e9cnico a mover la pizarra en el once titular para este partido.<\/p>\n<p>Por otro lado, Colo Colo atraviesa momentos dif\u00edciles con dos derrotas consecutivas, ante Universidad Cat\u00f3lica y Audax Italiano. Adem\u00e1s, Javier Correa, Mauricio Isla y Oscar Opazo no podr\u00e1n estar debido a lesiones; Jorge Almir\u00f3n deber\u00e1 buscar alternativas en su plantel.<\/p>\n<p>El duelo est\u00e1 programado para este s\u00e1bado 12 de julio, desde las 15:00 horas, en el Estadio Nacional en \u00d1u\u00f1oa. El encuentro ser\u00e1 televisado por TNT Sports Premium.<\/p>\n","protected":false},"excerpt":{"rendered":"<p>Este s\u00e1bado se disputar\u00e1 la edici\u00f3n 197 del Supercl\u00e1sico chileno entre Universidad de Chile vs Colo Colo, en el Estadio Nacional. El \u2018rom\u00e1ntico viajero\u2019 aspira derrotar a los albos para poner presi\u00f3n a Coquimbo Unido y Audax Italiano, l\u00edderes del campeonato. Sin embargo, Gustavo \u00c1lvarez enfrentar\u00e1 complicaciones, pues Leandro Fern\u00e1ndez (molestias f\u00edsicas) y Lucas Di [&hellip;]<\/p>\n","protected":false},"author":2,"featured_media":17625,"comment_status":"closed","ping_status":"open","sticky":false,"template":"","format":"standard","meta":{"_jetpack_memberships_contains_paid_content":false,"jnews-multi-image_gallery":[],"jnews_single_post":[],"jnews_primary_category":[],"jnews_social_meta":[],"jnews_paywall_metabox":[],"jnews_review":[],"enable_review":"","type":"","name":"","summary":"","brand":"","sku":"","good":[],"bad":[],"score_override":"","override_value":"","rating":[],"price":[],"jnews_override_counter":[],"jnews_post_split":[],"footnotes":""},"categories":[84],"tags":[],"class_list":["post-17626","post","type-post","status-publish","format-standard","has-post-thumbnail","hentry","category-deportes"],"jetpack_featured_media_url":"https:\/\/laserenaradio.cl\/web\/wp-content\/uploads\/2025\/07\/homepiaiextractoscrapimg_predeterminadalaserenaradio_deportes-7.webp","jetpack_sharing_enabled":true,"_links":{"self":[{"href":"https:\/\/laserenaradio.cl\/web\/wp-json\/wp\/v2\/posts\/17626","targetHints":{"allow":["GET"]}}],"collection":[{"href":"https:\/\/laserenaradio.cl\/web\/wp-json\/wp\/v2\/posts"}],"about":[{"href":"https:\/\/laserenaradio.cl\/web\/wp-json\/wp\/v2\/types\/post"}],"author":[{"embeddable":true,"href":"https:\/\/laserenaradio.cl\/web\/wp-json\/wp\/v2\/users\/2"}],"replies":[{"embeddable":true,"href":"https:\/\/laserenaradio.cl\/web\/wp-json\/wp\/v2\/comments?post=17626"}],"version-history":[{"count":1,"href":"https:\/\/laserenaradio.cl\/web\/wp-json\/wp\/v2\/posts\/17626\/revisions"}],"predecessor-version":[{"id":17627,"href":"https:\/\/laserenaradio.cl\/web\/wp-json\/wp\/v2\/posts\/17626\/revisions\/17627"}],"wp:featuredmedia":[{"embeddable":true,"href":"https:\/\/laserenaradio.cl\/web\/wp-json\/wp\/v2\/media\/17625"}],"wp:attachment":[{"href":"https:\/\/laserenaradio.cl\/web\/wp-json\/wp\/v2\/media?parent=17626"}],"wp:term":[{"taxonomy":"category","embeddable":true,"href":"https:\/\/laserenaradio.cl\/web\/wp-json\/wp\/v2\/categories?post=17626"},{"taxonomy":"post_tag","embeddable":true,"href":"https:\/\/laserenaradio.cl\/web\/wp-json\/wp\/v2\/tags?post=17626"}],"curies":[{"name":"wp","href":"https:\/\/api.w.org\/{rel}","templated":true}]}}