{"id":17623,"date":"2025-07-12T11:38:23","date_gmt":"2025-07-12T14:38:23","guid":{"rendered":"https:\/\/laserenaradio.cl\/web\/?p=17623"},"modified":"2025-07-12T11:38:23","modified_gmt":"2025-07-12T14:38:23","slug":"asensio-asume-su-culpa-en-la-eliminacion-del-real-madrid-en-mundial-de-clubes","status":"publish","type":"post","link":"https:\/\/laserenaradio.cl\/web\/2025\/07\/12\/asensio-asume-su-culpa-en-la-eliminacion-del-real-madrid-en-mundial-de-clubes\/","title":{"rendered":"Asensio asume su culpa en la eliminaci\u00f3n del Real Madrid en Mundial de Clubes."},"content":{"rendered":"<p>Asencio, central del Real Madrid con inesperado protagonismo durante la reciente temporada, asumi\u00f3 su culpa en la eliminaci\u00f3n del equipo en semifinales del Mundial de Clubes. Asegur\u00f3 no haber estado a la altura del desaf\u00edo y que el PSG elimin\u00f3 a los Merengues por goles decisivos. En declaraciones en Instagram, Madridistas, se termina una temporada en la que he cumplido el sue\u00f1o de formar parte del mejor club del mundo, pero que ha terminado de la manera que menos deseaba. Siento que no he estado a la altura de un Mundial de Clubes que exig\u00eda el m\u00e1ximo, pero ahora es momento para desconectar y recargar pilas. &#8220;Os deseo felices vacaciones y ahora y siempre, Hala Madrid&#8221;.<\/p>\n<p>Asencio fue miembro de la primera plantilla del Real Madrid y jugador de confianza en la defensa durante el per\u00edodo de Carlo Ancelotti como entrenador. Sin embargo, bajo las \u00f3rdenes de Xabi Alonso en el Mundial de Clubes, no tuvo el mejor desempe\u00f1o. En fase de grupos, cometi\u00f3 un penalti en su debut ante el Al-Hilal y vio la tarjeta roja en los primeros minutos del siguiente partido contra el Pachuca.<\/p>\n<p>La principal equivocaci\u00f3n se dio en las semifinales ante el Paris Saint-Germain. Volvi\u00f3 a la titularidad tras la suspensi\u00f3n y ante la baja de Huijsen, pero fall\u00f3 en un despeje crucial que provoc\u00f3 el primer gol de los parisinos, eliminando al Real Madrid de la competici\u00f3n.<\/p>\n","protected":false},"excerpt":{"rendered":"<p>Asencio, central del Real Madrid con inesperado protagonismo durante la reciente temporada, asumi\u00f3 su culpa en la eliminaci\u00f3n del equipo en semifinales del Mundial de Clubes. Asegur\u00f3 no haber estado a la altura del desaf\u00edo y que el PSG elimin\u00f3 a los Merengues por goles decisivos. En declaraciones en Instagram, Madridistas, se termina una temporada [&hellip;]<\/p>\n","protected":false},"author":2,"featured_media":17622,"comment_status":"closed","ping_status":"open","sticky":false,"template":"","format":"standard","meta":{"_jetpack_memberships_contains_paid_content":false,"jnews-multi-image_gallery":[],"jnews_single_post":[],"jnews_primary_category":[],"jnews_social_meta":[],"jnews_paywall_metabox":[],"jnews_review":[],"enable_review":"","type":"","name":"","summary":"","brand":"","sku":"","good":[],"bad":[],"score_override":"","override_value":"","rating":[],"price":[],"jnews_override_counter":[],"jnews_post_split":[],"footnotes":""},"categories":[84],"tags":[],"class_list":["post-17623","post","type-post","status-publish","format-standard","has-post-thumbnail","hentry","category-deportes"],"jetpack_featured_media_url":"https:\/\/laserenaradio.cl\/web\/wp-content\/uploads\/2025\/07\/homepiaiextractoscrapimg_predeterminadalaserenaradio_deportes-6.webp","jetpack_sharing_enabled":true,"_links":{"self":[{"href":"https:\/\/laserenaradio.cl\/web\/wp-json\/wp\/v2\/posts\/17623","targetHints":{"allow":["GET"]}}],"collection":[{"href":"https:\/\/laserenaradio.cl\/web\/wp-json\/wp\/v2\/posts"}],"about":[{"href":"https:\/\/laserenaradio.cl\/web\/wp-json\/wp\/v2\/types\/post"}],"author":[{"embeddable":true,"href":"https:\/\/laserenaradio.cl\/web\/wp-json\/wp\/v2\/users\/2"}],"replies":[{"embeddable":true,"href":"https:\/\/laserenaradio.cl\/web\/wp-json\/wp\/v2\/comments?post=17623"}],"version-history":[{"count":1,"href":"https:\/\/laserenaradio.cl\/web\/wp-json\/wp\/v2\/posts\/17623\/revisions"}],"predecessor-version":[{"id":17624,"href":"https:\/\/laserenaradio.cl\/web\/wp-json\/wp\/v2\/posts\/17623\/revisions\/17624"}],"wp:featuredmedia":[{"embeddable":true,"href":"https:\/\/laserenaradio.cl\/web\/wp-json\/wp\/v2\/media\/17622"}],"wp:attachment":[{"href":"https:\/\/laserenaradio.cl\/web\/wp-json\/wp\/v2\/media?parent=17623"}],"wp:term":[{"taxonomy":"category","embeddable":true,"href":"https:\/\/laserenaradio.cl\/web\/wp-json\/wp\/v2\/categories?post=17623"},{"taxonomy":"post_tag","embeddable":true,"href":"https:\/\/laserenaradio.cl\/web\/wp-json\/wp\/v2\/tags?post=17623"}],"curies":[{"name":"wp","href":"https:\/\/api.w.org\/{rel}","templated":true}]}}