{"id":17599,"date":"2025-07-11T17:30:12","date_gmt":"2025-07-11T20:30:12","guid":{"rendered":"https:\/\/laserenaradio.cl\/web\/?p=17599"},"modified":"2025-07-11T17:30:12","modified_gmt":"2025-07-11T20:30:12","slug":"centro-meteorologico-maritimo-de-valparaiso-emite-avisos-de-marejadas-por-cuatro-dias","status":"publish","type":"post","link":"https:\/\/laserenaradio.cl\/web\/2025\/07\/11\/centro-meteorologico-maritimo-de-valparaiso-emite-avisos-de-marejadas-por-cuatro-dias\/","title":{"rendered":"Centro Meteorol\u00f3gico Mar\u00edtimo de Valpara\u00edso emite avisos de marejadas por cuatro d\u00edas"},"content":{"rendered":"<p>El Centro Meteorol\u00f3gico Mar\u00edtimo de Valpara\u00edso emiti\u00f3 un nuevo aviso de marejadas para las costas chilenas. Este fen\u00f3meno se extender\u00e1 durante aproximadamente cuatro d\u00edas.<\/p>\n<p>Seg\u00fan el Capit\u00e1n de Corbeta Felipe Rifo Esp\u00f3sito, la causa es &#8220;un activo sistema frontal que afectar\u00e1 el sector sur del pa\u00eds&#8221;. Las marejadas tendr\u00edan direcci\u00f3n suroeste y comenzar\u00edan a principios del viernes 11 de julio. Estas condiciones generan oleaje con rompiente en bah\u00edas abiertas en esa direcci\u00f3n.<\/p>\n<p>A mediados de esta semana, el centro ya hab\u00eda advertido que estas condiciones afectar\u00edan al pa\u00eds, con una fecha l\u00edmite inicial para esta jornada. Sin embargo, se extendi\u00f3 hasta el martes 15 de julio.<\/p>\n<p>Las estimaciones apuntan que el mayor desarrollo de las marejadas ocurrir\u00eda durante las horas de pleamar o alta marea, y seg\u00fan las condiciones del viento local. Los horarios peak ser\u00edan entre las 10:30 y 13:30 horas como marea primaria, y entre las 22:30 y 01:30 horas como pleamar secundaria.<\/p>\n<p>Las marejadas se registrar\u00e1n desde el Golfo de Penas en la regi\u00f3n de Ays\u00e9n hasta Arica, incluyendo el Archipi\u00e9lago Juan Fern\u00e1ndez. El fen\u00f3meno se producir\u00e1 en estos sectores.<\/p>\n<p>La Autoridad Mar\u00edtima hizo un llamado a la comunidad para actuar con prudencia y cautela. Se pide respetar las normas de seguridad y evitar el tr\u00e1nsito por sectores rocosos durante este evento. Adem\u00e1s, se recomienda no ingresar al mar durante el fen\u00f3meno de marejadas, no desarrollar actividades n\u00e1uticas y deportivas sin la debida autorizaci\u00f3n.<\/p>\n","protected":false},"excerpt":{"rendered":"<p>El Centro Meteorol\u00f3gico Mar\u00edtimo de Valpara\u00edso emiti\u00f3 un nuevo aviso de marejadas para las costas chilenas. Este fen\u00f3meno se extender\u00e1 durante aproximadamente cuatro d\u00edas. Seg\u00fan el Capit\u00e1n de Corbeta Felipe Rifo Esp\u00f3sito, la causa es &#8220;un activo sistema frontal que afectar\u00e1 el sector sur del pa\u00eds&#8221;. Las marejadas tendr\u00edan direcci\u00f3n suroeste y comenzar\u00edan a principios [&hellip;]<\/p>\n","protected":false},"author":2,"featured_media":17598,"comment_status":"closed","ping_status":"open","sticky":false,"template":"","format":"standard","meta":{"_jetpack_memberships_contains_paid_content":false,"jnews-multi-image_gallery":[],"jnews_single_post":[],"jnews_primary_category":[],"jnews_social_meta":[],"jnews_paywall_metabox":[],"jnews_review":[],"enable_review":"","type":"","name":"","summary":"","brand":"","sku":"","good":[],"bad":[],"score_override":"","override_value":"","rating":[],"price":[],"jnews_override_counter":[],"jnews_post_split":[],"footnotes":""},"categories":[21],"tags":[],"class_list":["post-17599","post","type-post","status-publish","format-standard","has-post-thumbnail","hentry","category-nacional"],"jetpack_featured_media_url":"https:\/\/laserenaradio.cl\/web\/wp-content\/uploads\/2025\/07\/homepiaiextractoscrapimg_webpmarejadasdurantecondicioneshoras_1.webp","jetpack_sharing_enabled":true,"_links":{"self":[{"href":"https:\/\/laserenaradio.cl\/web\/wp-json\/wp\/v2\/posts\/17599","targetHints":{"allow":["GET"]}}],"collection":[{"href":"https:\/\/laserenaradio.cl\/web\/wp-json\/wp\/v2\/posts"}],"about":[{"href":"https:\/\/laserenaradio.cl\/web\/wp-json\/wp\/v2\/types\/post"}],"author":[{"embeddable":true,"href":"https:\/\/laserenaradio.cl\/web\/wp-json\/wp\/v2\/users\/2"}],"replies":[{"embeddable":true,"href":"https:\/\/laserenaradio.cl\/web\/wp-json\/wp\/v2\/comments?post=17599"}],"version-history":[{"count":1,"href":"https:\/\/laserenaradio.cl\/web\/wp-json\/wp\/v2\/posts\/17599\/revisions"}],"predecessor-version":[{"id":17600,"href":"https:\/\/laserenaradio.cl\/web\/wp-json\/wp\/v2\/posts\/17599\/revisions\/17600"}],"wp:featuredmedia":[{"embeddable":true,"href":"https:\/\/laserenaradio.cl\/web\/wp-json\/wp\/v2\/media\/17598"}],"wp:attachment":[{"href":"https:\/\/laserenaradio.cl\/web\/wp-json\/wp\/v2\/media?parent=17599"}],"wp:term":[{"taxonomy":"category","embeddable":true,"href":"https:\/\/laserenaradio.cl\/web\/wp-json\/wp\/v2\/categories?post=17599"},{"taxonomy":"post_tag","embeddable":true,"href":"https:\/\/laserenaradio.cl\/web\/wp-json\/wp\/v2\/tags?post=17599"}],"curies":[{"name":"wp","href":"https:\/\/api.w.org\/{rel}","templated":true}]}}