{"id":17590,"date":"2025-07-11T17:19:26","date_gmt":"2025-07-11T20:19:26","guid":{"rendered":"https:\/\/laserenaradio.cl\/web\/?p=17590"},"modified":"2025-07-11T17:19:26","modified_gmt":"2025-07-11T20:19:26","slug":"liverpool-rinde-homenaje-a-diogo-jota","status":"publish","type":"post","link":"https:\/\/laserenaradio.cl\/web\/2025\/07\/11\/liverpool-rinde-homenaje-a-diogo-jota\/","title":{"rendered":"Liverpool rinde homenaje a Diogo Jota."},"content":{"rendered":"<p>El Liverpool prepara el primer homenaje oficial al fallecido delantero portugu\u00e9s Diogo Jota, quien muri\u00f3 en un accidente tr\u00e1nsito el pasado 3 de julio junto a su hermano Andr\u00e9 Silva.<\/p>\n<p>El club de la Premier League inglesa comunic\u00f3 que se alistan actos conmemorativos en el partido amistoso que disputar\u00e1n este fin de semana contra el Preston North End, en Deepdale.<\/p>\n<p>Antes del duelo, se interpretar\u00e1 el himno del Liverpool, You\u2019ll Never Walk Alone, y luego se colocar\u00e1 una corona de flores en recuerdo a los futbolistas fallecidos. Se guardar\u00e1 un minuto de silencio en memoria de Diogo y Andr\u00e9, y se mostrar\u00e1n homenajes digitales en la pantalla y en los LED del campo de juego.<\/p>\n<p>Los jugadores de ambos planteles llevar\u00e1n brazaletes negros.<\/p>\n<p>Preston tambi\u00e9n ha creado una edici\u00f3n conmemorativa del programa del d\u00eda del partido que incluye homenajes escritos a Diogo y Andr\u00e9.<\/p>\n<p>Adem\u00e1s, el Liverpool inform\u00f3 que se transmitir\u00e1 en vivo un programa previo al partido desde el estadio a trav\u00e9s de los canales de redes sociales y YouTube.<\/p>\n","protected":false},"excerpt":{"rendered":"<p>El Liverpool prepara el primer homenaje oficial al fallecido delantero portugu\u00e9s Diogo Jota, quien muri\u00f3 en un accidente tr\u00e1nsito el pasado 3 de julio junto a su hermano Andr\u00e9 Silva. El club de la Premier League inglesa comunic\u00f3 que se alistan actos conmemorativos en el partido amistoso que disputar\u00e1n este fin de semana contra el [&hellip;]<\/p>\n","protected":false},"author":2,"featured_media":17589,"comment_status":"closed","ping_status":"open","sticky":false,"template":"","format":"standard","meta":{"_jetpack_memberships_contains_paid_content":false,"jnews-multi-image_gallery":[],"jnews_single_post":[],"jnews_primary_category":[],"jnews_social_meta":[],"jnews_paywall_metabox":[],"jnews_review":[],"enable_review":"","type":"","name":"","summary":"","brand":"","sku":"","good":[],"bad":[],"score_override":"","override_value":"","rating":[],"price":[],"jnews_override_counter":[],"jnews_post_split":[],"footnotes":""},"categories":[84],"tags":[],"class_list":["post-17590","post","type-post","status-publish","format-standard","has-post-thumbnail","hentry","category-deportes"],"jetpack_featured_media_url":"https:\/\/laserenaradio.cl\/web\/wp-content\/uploads\/2025\/07\/homepiaiextractoscrapimg_webppartidoLiverpoolhomenajeDiogoJota_0.webp","jetpack_sharing_enabled":true,"_links":{"self":[{"href":"https:\/\/laserenaradio.cl\/web\/wp-json\/wp\/v2\/posts\/17590","targetHints":{"allow":["GET"]}}],"collection":[{"href":"https:\/\/laserenaradio.cl\/web\/wp-json\/wp\/v2\/posts"}],"about":[{"href":"https:\/\/laserenaradio.cl\/web\/wp-json\/wp\/v2\/types\/post"}],"author":[{"embeddable":true,"href":"https:\/\/laserenaradio.cl\/web\/wp-json\/wp\/v2\/users\/2"}],"replies":[{"embeddable":true,"href":"https:\/\/laserenaradio.cl\/web\/wp-json\/wp\/v2\/comments?post=17590"}],"version-history":[{"count":1,"href":"https:\/\/laserenaradio.cl\/web\/wp-json\/wp\/v2\/posts\/17590\/revisions"}],"predecessor-version":[{"id":17591,"href":"https:\/\/laserenaradio.cl\/web\/wp-json\/wp\/v2\/posts\/17590\/revisions\/17591"}],"wp:featuredmedia":[{"embeddable":true,"href":"https:\/\/laserenaradio.cl\/web\/wp-json\/wp\/v2\/media\/17589"}],"wp:attachment":[{"href":"https:\/\/laserenaradio.cl\/web\/wp-json\/wp\/v2\/media?parent=17590"}],"wp:term":[{"taxonomy":"category","embeddable":true,"href":"https:\/\/laserenaradio.cl\/web\/wp-json\/wp\/v2\/categories?post=17590"},{"taxonomy":"post_tag","embeddable":true,"href":"https:\/\/laserenaradio.cl\/web\/wp-json\/wp\/v2\/tags?post=17590"}],"curies":[{"name":"wp","href":"https:\/\/api.w.org\/{rel}","templated":true}]}}