{"id":17587,"date":"2025-07-11T17:10:14","date_gmt":"2025-07-11T20:10:14","guid":{"rendered":"https:\/\/laserenaradio.cl\/web\/?p=17587"},"modified":"2025-07-11T17:10:14","modified_gmt":"2025-07-11T20:10:14","slug":"reconocimiento-facial-en-transporte-publico-un-debate-sobre-privacidad-y-seguridad","status":"publish","type":"post","link":"https:\/\/laserenaradio.cl\/web\/2025\/07\/11\/reconocimiento-facial-en-transporte-publico-un-debate-sobre-privacidad-y-seguridad\/","title":{"rendered":"Reconocimiento facial en transporte p\u00fablico: un debate sobre privacidad y seguridad"},"content":{"rendered":"<p>Esta semana, el Ministerio de Transportes present\u00f3 un plan piloto del sistema de pago a trav\u00e9s de reconocimiento facial, que eventualmente podr\u00eda reemplazar la tarjeta Bip! y el pago con QR. La propuesta ya est\u00e1 funcionando en algunos recorridos del servicio 406, buscando combatir la evasi\u00f3n, aportar seguridad y detectar el mal uso de beneficios en el sistema.<\/p>\n<p>Se trata de una iniciativa que, a trav\u00e9s de una c\u00e1mara, puede detectar los rostros de cada pasajero con un 98% de efectividad, incluso si estos usan mascarilla, accesorios o si tiene alg\u00fan cambio de peinado o barba. Sin embargo, este piloto abri\u00f3 el debate p\u00fablico, ya que podr\u00eda poner en riesgo la privacidad de los usuarios del transporte p\u00fablico.<\/p>\n<p>De acuerdo a los expertos, existe un peligro por el tipo de uso de datos que podr\u00edan ser eventualmente utilizados para fines distintos al pago del bus. Gustavo Alc\u00e1ntara, especialista en telecomunicaciones y aplicaciones de la Facultad de Tecnolog\u00eda de la Universidad de Santiago de Chile, coment\u00f3 que &#8220;existe un riesgo latente y podr\u00eda darse que el reconocimiento facial, sin controles adecuados y de seguridad, puede ser empleado para vigilancia masiva, perfilamiento social, entre otras aplicaciones&#8221;.<\/p>\n<p>Incluso, a\u00f1adi\u00f3 que en caso de que exista una baja supervisi\u00f3n institucional por parte de las autoridades, esta tecnolog\u00eda podr\u00eda ser utilizada para otros fines, como por ejemplo, policiales, comerciales, sin un consentimiento expl\u00edcito.<\/p>\n<p>Bajo ese contexto, Alc\u00e1ntara se\u00f1al\u00f3 la importancia de que los usuarios que decidan utilizar la nueva tecnolog\u00eda tengan claridad de &#8220;cu\u00e1l ser\u00e1 el fin real de este sistema, y bajo un consentimiento asumir los eventuales riesgos que podr\u00eda tener este nuevo sistema de pago&#8221;. El acad\u00e9mico se\u00f1ala que el principal desaf\u00edo \u00e9tico reside en la potencial erosi\u00f3n del derecho a la privacidad y la vigilancia permanente de los usuarios sin justificaci\u00f3n, m\u00e1s all\u00e1 del uso exclusivo para el cobro automatizado del transporte p\u00fablico.<\/p>\n<p>Legalmente, los desaf\u00edos son la necesidad de un &#8220;consentimiento que sea informado, real y transparentado&#8221;. El pasado agosto de 2024, el Congreso aprob\u00f3 la Ley de Protecci\u00f3n de Datos Personales, una legislaci\u00f3n clave que regula la protecci\u00f3n y el tratamiento de este tipo de informaci\u00f3n que utilizan las entidades p\u00fablicas y privadas, adem\u00e1s de la creaci\u00f3n de la Agencia de Protecci\u00f3n de Datos Personales.<\/p>\n<p>Este plan piloto estableci\u00f3 que los datos biom\u00e9tricos son considerados como &#8220;datos personales sensibles&#8221;. Adem\u00e1s, destaca que &#8220;todo tratamiento de datos personales que realice una persona natural o jur\u00eddica, incluidos los \u00f3rganos p\u00fablicos, debe respetar los derechos y libertades de las personas y quedar\u00e1 sujeto a las disposiciones de la ley&#8221;.<\/p>\n<p>En ese sentido, Alc\u00e1ntara sostuvo la necesidad de implementar &#8220;medidas de anonimizaci\u00f3n, auditor\u00edas externas peri\u00f3dicas a modo de asegurar que se cumpla el fin y no se utilice de forma abusiva los datos recolectados&#8221;.<\/p>\n","protected":false},"excerpt":{"rendered":"<p>Esta semana, el Ministerio de Transportes present\u00f3 un plan piloto del sistema de pago a trav\u00e9s de reconocimiento facial, que eventualmente podr\u00eda reemplazar la tarjeta Bip! y el pago con QR. La propuesta ya est\u00e1 funcionando en algunos recorridos del servicio 406, buscando combatir la evasi\u00f3n, aportar seguridad y detectar el mal uso de beneficios [&hellip;]<\/p>\n","protected":false},"author":2,"featured_media":17586,"comment_status":"closed","ping_status":"open","sticky":false,"template":"","format":"standard","meta":{"_jetpack_memberships_contains_paid_content":false,"jnews-multi-image_gallery":[],"jnews_single_post":[],"jnews_primary_category":[],"jnews_social_meta":[],"jnews_paywall_metabox":[],"jnews_review":[],"enable_review":"","type":"","name":"","summary":"","brand":"","sku":"","good":[],"bad":[],"score_override":"","override_value":"","rating":[],"price":[],"jnews_override_counter":[],"jnews_post_split":[],"footnotes":""},"categories":[21],"tags":[],"class_list":["post-17587","post","type-post","status-publish","format-standard","has-post-thumbnail","hentry","category-nacional"],"jetpack_featured_media_url":"https:\/\/laserenaradio.cl\/web\/wp-content\/uploads\/2025\/07\/homepiaiextractoscrapimg_predeterminadalaserenaradio_nacional-13.webp","jetpack_sharing_enabled":true,"_links":{"self":[{"href":"https:\/\/laserenaradio.cl\/web\/wp-json\/wp\/v2\/posts\/17587","targetHints":{"allow":["GET"]}}],"collection":[{"href":"https:\/\/laserenaradio.cl\/web\/wp-json\/wp\/v2\/posts"}],"about":[{"href":"https:\/\/laserenaradio.cl\/web\/wp-json\/wp\/v2\/types\/post"}],"author":[{"embeddable":true,"href":"https:\/\/laserenaradio.cl\/web\/wp-json\/wp\/v2\/users\/2"}],"replies":[{"embeddable":true,"href":"https:\/\/laserenaradio.cl\/web\/wp-json\/wp\/v2\/comments?post=17587"}],"version-history":[{"count":1,"href":"https:\/\/laserenaradio.cl\/web\/wp-json\/wp\/v2\/posts\/17587\/revisions"}],"predecessor-version":[{"id":17588,"href":"https:\/\/laserenaradio.cl\/web\/wp-json\/wp\/v2\/posts\/17587\/revisions\/17588"}],"wp:featuredmedia":[{"embeddable":true,"href":"https:\/\/laserenaradio.cl\/web\/wp-json\/wp\/v2\/media\/17586"}],"wp:attachment":[{"href":"https:\/\/laserenaradio.cl\/web\/wp-json\/wp\/v2\/media?parent=17587"}],"wp:term":[{"taxonomy":"category","embeddable":true,"href":"https:\/\/laserenaradio.cl\/web\/wp-json\/wp\/v2\/categories?post=17587"},{"taxonomy":"post_tag","embeddable":true,"href":"https:\/\/laserenaradio.cl\/web\/wp-json\/wp\/v2\/tags?post=17587"}],"curies":[{"name":"wp","href":"https:\/\/api.w.org\/{rel}","templated":true}]}}