{"id":17581,"date":"2025-07-11T13:58:32","date_gmt":"2025-07-11T16:58:32","guid":{"rendered":"https:\/\/laserenaradio.cl\/web\/?p=17581"},"modified":"2025-07-11T13:58:32","modified_gmt":"2025-07-11T16:58:32","slug":"anuncio-de-trump-sobre-arancel-al-cobre-crea-tensiones-politicas-en-chile","status":"publish","type":"post","link":"https:\/\/laserenaradio.cl\/web\/2025\/07\/11\/anuncio-de-trump-sobre-arancel-al-cobre-crea-tensiones-politicas-en-chile\/","title":{"rendered":"Anuncio de Trump sobre arancel al cobre crea tensiones pol\u00edticas en Chile."},"content":{"rendered":"<p>El anuncio de Donald Trump sobre un arancel del 50% al cobre tension\u00f3 la carrera presidencial, generando m\u00faltiples recriminaciones cruzadas entre los aspirantes a La Moneda y sus respectivos equipos. Y es que este jueves, la C\u00e1mara Chilena Norteamericana de Comercio asegur\u00f3 que los anuncios de Trump impactar\u00e1n negativamente a Chile y Estados Unidos y que esto solo entorpece las relaciones.<\/p>\n<p>En medio de este contexto, s\u00f3lo hay una fecha clara: el 1 de agosto. Por lo tanto, ya comenz\u00f3 la cuenta regresiva para la entrada en vigencia del arancel del 50% al cobre. Este mi\u00e9rcoles, se reuni\u00f3 el grupo cobre y las conclusiones no escapan de lo que ya sabemos, &#8220;faltan detalles&#8221; y el gobierno est\u00e1 a la espera de la Orden Ejecutiva de sus hom\u00f3logos estadounidenses.<\/p>\n<p>Adem\u00e1s, ayer, el canciller Alberto Van Klaveren volvi\u00f3 con noticias nuevas, m\u00e1s bien una agenda que denota la preocupaci\u00f3n por este tema y el despliegue de todas las autoridades, incluido el embajador de Chile en Estados Unidos, Juan Gabriel Vald\u00e9s. En tanto, la pr\u00f3xima semana, se desarrollar\u00e1n dos reuniones en el marco de este anuncio. Primero est\u00e1 programada para el lunes un encuentro del Consejo de Alto Nivel y, en los d\u00edas siguientes, una mesa con el sector privado.<\/p>\n<p>De esta manera, el titular de Relaciones Exteriores se\u00f1al\u00f3 que esperan que el ministro de Hacienda, Mario Marcel, regrese de su licencia m\u00e9dica. Por otra parte, la oposici\u00f3n ha apuntado al Presidente Gabriel Boric por asistir a la cumbre de los BRICS, argumentando que habr\u00eda buscado &#8220;darse un gustito pol\u00edtico&#8221;. Ante esto, Van Klaveren llam\u00f3 a la unidad.<\/p>\n<p>A corto y mediano plazo, el nuevo arancel del 50% anunciado por el expresidente Trump podr\u00eda ralentizar el proceso de transici\u00f3n energ\u00e9tica global. Frente a esta situaci\u00f3n, Patricio Fa\u00fandez, Country Manager GEM Mining Consulting Singapur, explic\u00f3 que esto encarecer\u00e1 significativamente la producci\u00f3n de tecnolog\u00edas clave, como veh\u00edculos el\u00e9ctricos, infraestructura de carga y proyectos de energ\u00eda renovable.<\/p>\n<p>Frente a estas cr\u00edticas, Evelyn Matthei, abanderada de Chile Vamos, puso su equipo a disposici\u00f3n para trabajar con &#8220;urgencia&#8221; en la b\u00fasqueda de una soluci\u00f3n. Sobre la posibilidad de que esto sea un &#8220;castigo&#8221; por participar del encuentro en Brasil, Matthei fue coincidente con las declaraciones del canciller.<\/p>\n<p>Sin embargo, sus declaraciones parecieron no gustar del todo. La senadora y presidenta del Partido Socialista, Paulina Vodanovic, la trat\u00f3 de &#8220;oportunista&#8221;, mientras que la candidata de la centroizquierda, Jeannette Jara, la llam\u00f3 a ocuparse de su campa\u00f1a, pues quien gobierna es el presidente.<\/p>\n<p>La diputada Daniella Cicardini (PS) emplaz\u00f3 directamente al Partido Republicano y al Partido Nacional Libertario por hablar de patriotismo &#8220;cuando les conviene&#8221; al respaldar a una potencia como Estados Unidos antes que su propio pa\u00eds. Estas declaraciones encontraron respuesta.<\/p>\n<p>Por un lado, el candidato presidencial republicano, Jos\u00e9 Antonio Kast, con tono sarc\u00e1stico, apunt\u00f3 a la respuesta del Presidente Gabriel Boric sobre que las redes sociales no son para hacer pol\u00edtica internacional. En tanto, el asesor econ\u00f3mico de Johannes Kaiser, V\u00edctor Espinosa, sostuvo que siempre han sido claros: &#8220;somos libertarios, no proteccionistas&#8221;.<\/p>\n<p>Este anuncio del arancel es a un bien y no a un pa\u00eds en espec\u00edfico, lo m\u00e1s relevante ser\u00eda conocer detalles que definan, por ejemplo, si este arancel se aplicar\u00e1 o no al cobre refinado, del que Estados Unidos s\u00ed es de los principales compradores.<\/p>\n<p>Por su parte, la ministra de Miner\u00eda, Aurora Williams, ratific\u00f3 que el mundo no dejar\u00e1 de necesitar cobre y que, de hecho, la demanda ir\u00e1 en aumento, alcanzando entre un 1,6 y 2,4 de aqu\u00ed a 2050.<\/p>\n","protected":false},"excerpt":{"rendered":"<p>El anuncio de Donald Trump sobre un arancel del 50% al cobre tension\u00f3 la carrera presidencial, generando m\u00faltiples recriminaciones cruzadas entre los aspirantes a La Moneda y sus respectivos equipos. Y es que este jueves, la C\u00e1mara Chilena Norteamericana de Comercio asegur\u00f3 que los anuncios de Trump impactar\u00e1n negativamente a Chile y Estados Unidos y [&hellip;]<\/p>\n","protected":false},"author":2,"featured_media":17580,"comment_status":"closed","ping_status":"open","sticky":false,"template":"","format":"standard","meta":{"_jetpack_memberships_contains_paid_content":false,"jnews-multi-image_gallery":[],"jnews_single_post":[],"jnews_primary_category":[],"jnews_social_meta":[],"jnews_paywall_metabox":[],"jnews_review":[],"enable_review":"","type":"","name":"","summary":"","brand":"","sku":"","good":[],"bad":[],"score_override":"","override_value":"","rating":[],"price":[],"jnews_override_counter":[],"jnews_post_split":[],"footnotes":""},"categories":[85],"tags":[],"class_list":["post-17581","post","type-post","status-publish","format-standard","has-post-thumbnail","hentry","category-economia"],"jetpack_featured_media_url":"https:\/\/laserenaradio.cl\/web\/wp-content\/uploads\/2025\/07\/homepiaiextractoscrapimg_webpAnuncioTrump_0.webp","jetpack_sharing_enabled":true,"_links":{"self":[{"href":"https:\/\/laserenaradio.cl\/web\/wp-json\/wp\/v2\/posts\/17581","targetHints":{"allow":["GET"]}}],"collection":[{"href":"https:\/\/laserenaradio.cl\/web\/wp-json\/wp\/v2\/posts"}],"about":[{"href":"https:\/\/laserenaradio.cl\/web\/wp-json\/wp\/v2\/types\/post"}],"author":[{"embeddable":true,"href":"https:\/\/laserenaradio.cl\/web\/wp-json\/wp\/v2\/users\/2"}],"replies":[{"embeddable":true,"href":"https:\/\/laserenaradio.cl\/web\/wp-json\/wp\/v2\/comments?post=17581"}],"version-history":[{"count":1,"href":"https:\/\/laserenaradio.cl\/web\/wp-json\/wp\/v2\/posts\/17581\/revisions"}],"predecessor-version":[{"id":17582,"href":"https:\/\/laserenaradio.cl\/web\/wp-json\/wp\/v2\/posts\/17581\/revisions\/17582"}],"wp:featuredmedia":[{"embeddable":true,"href":"https:\/\/laserenaradio.cl\/web\/wp-json\/wp\/v2\/media\/17580"}],"wp:attachment":[{"href":"https:\/\/laserenaradio.cl\/web\/wp-json\/wp\/v2\/media?parent=17581"}],"wp:term":[{"taxonomy":"category","embeddable":true,"href":"https:\/\/laserenaradio.cl\/web\/wp-json\/wp\/v2\/categories?post=17581"},{"taxonomy":"post_tag","embeddable":true,"href":"https:\/\/laserenaradio.cl\/web\/wp-json\/wp\/v2\/tags?post=17581"}],"curies":[{"name":"wp","href":"https:\/\/api.w.org\/{rel}","templated":true}]}}