{"id":17563,"date":"2025-07-11T10:20:14","date_gmt":"2025-07-11T13:20:14","guid":{"rendered":"https:\/\/laserenaradio.cl\/web\/?p=17563"},"modified":"2025-07-11T10:20:14","modified_gmt":"2025-07-11T13:20:14","slug":"sevilla-ficha-al-lateral-izquierdo-chileno-gabriel-suazo","status":"publish","type":"post","link":"https:\/\/laserenaradio.cl\/web\/2025\/07\/11\/sevilla-ficha-al-lateral-izquierdo-chileno-gabriel-suazo\/","title":{"rendered":"Sevilla ficha al lateral izquierdo chileno Gabriel Suazo."},"content":{"rendered":"<p>El Sevilla firm\u00f3 un acuerdo para las pr\u00f3ximas tres temporadas con el lateral izquierdo chileno Gabriel Suazo, que llega como agente libre tras su paso por Toulouse. Suazo, nacido en agosto y con 28 a\u00f1os, ha disputado m\u00e1s de treinta partidos internacionales con la selecci\u00f3n chilena.<\/p>\n<p>Formado en Colo-Colo, debut\u00f3 con el primer equipo en 2015 y jug\u00f3 hasta 219 encuentros oficiales antes de unirse al Toulouse en enero de 2023. En sus dos campa\u00f1as y media en Francia, Suazo particip\u00f3 en 97 partidos, marcando tres goles e impulsando trece asistencias.<\/p>\n<p>El futbolista, nacido en San Bernardo (Regi\u00f3n Metropolitana), llegar\u00e1 a Sevilla este s\u00e1bado para incorporarse el lunes tras superar la revisi\u00f3n m\u00e9dica. Se integra al equipo que dirige el t\u00e9cnico argentino Mat\u00edas Almeyda en La Liga EA Sports (Primera Divisi\u00f3n del f\u00fatbol espa\u00f1ol).<\/p>\n<p>El Sevilla, que no competir\u00e1 esta temporada en competiciones europeas tras finalizar la campa\u00f1a 2024-2025 en decimos\u00e9ptima posici\u00f3n de la Primera Divisi\u00f3n, espera reforzar su plantilla con el fichaje de Suazo.<\/p>\n","protected":false},"excerpt":{"rendered":"<p>El Sevilla firm\u00f3 un acuerdo para las pr\u00f3ximas tres temporadas con el lateral izquierdo chileno Gabriel Suazo, que llega como agente libre tras su paso por Toulouse. Suazo, nacido en agosto y con 28 a\u00f1os, ha disputado m\u00e1s de treinta partidos internacionales con la selecci\u00f3n chilena. Formado en Colo-Colo, debut\u00f3 con el primer equipo en [&hellip;]<\/p>\n","protected":false},"author":2,"featured_media":17562,"comment_status":"closed","ping_status":"open","sticky":false,"template":"","format":"standard","meta":{"_jetpack_memberships_contains_paid_content":false,"jnews-multi-image_gallery":[],"jnews_single_post":[],"jnews_primary_category":[],"jnews_social_meta":[],"jnews_paywall_metabox":[],"jnews_review":[],"enable_review":"","type":"","name":"","summary":"","brand":"","sku":"","good":[],"bad":[],"score_override":"","override_value":"","rating":[],"price":[],"jnews_override_counter":[],"jnews_post_split":[],"footnotes":""},"categories":[84],"tags":[],"class_list":["post-17563","post","type-post","status-publish","format-standard","has-post-thumbnail","hentry","category-deportes"],"jetpack_featured_media_url":"https:\/\/laserenaradio.cl\/web\/wp-content\/uploads\/2025\/07\/homepiaiextractoscrapimg_webpSuazotreslateralizquierdo_1.webp","jetpack_sharing_enabled":true,"_links":{"self":[{"href":"https:\/\/laserenaradio.cl\/web\/wp-json\/wp\/v2\/posts\/17563","targetHints":{"allow":["GET"]}}],"collection":[{"href":"https:\/\/laserenaradio.cl\/web\/wp-json\/wp\/v2\/posts"}],"about":[{"href":"https:\/\/laserenaradio.cl\/web\/wp-json\/wp\/v2\/types\/post"}],"author":[{"embeddable":true,"href":"https:\/\/laserenaradio.cl\/web\/wp-json\/wp\/v2\/users\/2"}],"replies":[{"embeddable":true,"href":"https:\/\/laserenaradio.cl\/web\/wp-json\/wp\/v2\/comments?post=17563"}],"version-history":[{"count":1,"href":"https:\/\/laserenaradio.cl\/web\/wp-json\/wp\/v2\/posts\/17563\/revisions"}],"predecessor-version":[{"id":17564,"href":"https:\/\/laserenaradio.cl\/web\/wp-json\/wp\/v2\/posts\/17563\/revisions\/17564"}],"wp:featuredmedia":[{"embeddable":true,"href":"https:\/\/laserenaradio.cl\/web\/wp-json\/wp\/v2\/media\/17562"}],"wp:attachment":[{"href":"https:\/\/laserenaradio.cl\/web\/wp-json\/wp\/v2\/media?parent=17563"}],"wp:term":[{"taxonomy":"category","embeddable":true,"href":"https:\/\/laserenaradio.cl\/web\/wp-json\/wp\/v2\/categories?post=17563"},{"taxonomy":"post_tag","embeddable":true,"href":"https:\/\/laserenaradio.cl\/web\/wp-json\/wp\/v2\/tags?post=17563"}],"curies":[{"name":"wp","href":"https:\/\/api.w.org\/{rel}","templated":true}]}}