{"id":17557,"date":"2025-07-11T09:12:06","date_gmt":"2025-07-11T12:12:06","guid":{"rendered":"https:\/\/laserenaradio.cl\/web\/?p=17557"},"modified":"2025-07-11T09:12:06","modified_gmt":"2025-07-11T12:12:06","slug":"el-candidato-presidencial-del-partido-comunista-accion-proletaria-defiende-a-corea-del-norte-y-critica-al-pc-de-chile","status":"publish","type":"post","link":"https:\/\/laserenaradio.cl\/web\/2025\/07\/11\/el-candidato-presidencial-del-partido-comunista-accion-proletaria-defiende-a-corea-del-norte-y-critica-al-pc-de-chile\/","title":{"rendered":"El candidato presidencial del Partido Comunista Acci\u00f3n Proletaria defiende a Corea del Norte y critica al PC de Chile."},"content":{"rendered":"<p>Eduardo Art\u00e9s, candidato presidencial del Partido Comunista Acci\u00f3n Proletaria (PCAP), particip\u00f3 en una reciente entrevista con Tom\u00e1s Mosciatti en el programa De Frente. Durante los casi 40 minutos de conversaci\u00f3n, Art\u00e9s abord\u00f3 temas como su visi\u00f3n del gobierno de Gabriel Boric y critic\u00f3 al Partido Comunista de Chile (PC). Sin embargo, sus declaraciones sobre Corea del Norte captaron especial atenci\u00f3n, defendiendo el r\u00e9gimen norcoreano y su sistema pol\u00edtico.<\/p>\n<p>Art\u00e9s, profesor normalista de profesi\u00f3n, destac\u00f3 la valent\u00eda de Corea del Norte al enfrentar a Estados Unidos. Sus palabras reflejan una postura que desaf\u00eda las percepciones tradicionales sobre el pa\u00eds asi\u00e1tico. En un contexto donde la mayor\u00eda critica a Pyongyang, \u00e9l opt\u00f3 por resaltar aspectos que considera positivos.<\/p>\n<p>El candidato enfatiz\u00f3 que la definici\u00f3n de democracia no debe limitarse al est\u00e1ndar estadounidense: &#8220;La democracia no es made in USA&#8221;, sentenci\u00f3, rechazando la idea de que solo un modelo sea v\u00e1lido. Seg\u00fan Art\u00e9s, cada naci\u00f3n adapta sus sistemas pol\u00edticos a sus realidades hist\u00f3ricas y sociales.<\/p>\n<p>\u00c9l precis\u00f3 que el estado de guerra permanente con Estados Unidos moldea la democracia norcoreana. Adem\u00e1s, lanz\u00f3 duras cr\u00edticas al PC, partido del que se ha distanciado hace tiempo. Afirm\u00f3 que este ha perdido su car\u00e1cter revolucionario al adoptar posiciones m\u00e1s moderadas: &#8220;El Partido Comunista tom\u00f3 el relevo de lo que era la socialdemocracia en Chile&#8221;, declar\u00f3, sugiriendo que el PC abandon\u00f3 sus principios originales por un enfoque centrista. El candidato tambi\u00e9n cuestion\u00f3 la coherencia ideol\u00f3gica del partido: &#8220;No les molesta hacer negocios con los Yankees y con la derecha&#8221;, dijo, apuntando a lo que percibe como una contradicci\u00f3n entre los valores proclamados y las acciones del PC.<\/p>\n<p>Adem\u00e1s, cit\u00f3 la relaci\u00f3n del gobierno actual con Zelenski como un ejemplo de esta inconsistencia. Art\u00e9s marc\u00f3 una clara separaci\u00f3n con el PC, tanto en lo ideol\u00f3gico como en lo organizativo: &#8220;Org\u00e1nica, ni ideol\u00f3gica ni pol\u00edticamente, no tenemos ninguna relaci\u00f3n&#8221;, afirm\u00f3 respecto a su v\u00ednculo con la candidata Jeannette Jara, reforzando su postura independiente.<\/p>\n<p>El candidato mostr\u00f3 una postura cr\u00edtica hacia el gobierno de Gabriel Boric, al que acus\u00f3 de no cumplir con su programa de campa\u00f1a. &#8220;Me la pusiste muy dif\u00edcil\u2026 \u00bfQu\u00e9 ha hecho de acuerdo al programa que \u00e9l mismo sostuvo, que ya era un programa aguachento? &#8220;, respondi\u00f3 cuando se le pidi\u00f3 destacar algo positivo de la administraci\u00f3n.<\/p>\n<p>Esta declaraci\u00f3n revela su decepci\u00f3n con Boric, a quien ve como un l\u00edder que no impulsa cambios profundos. Art\u00e9s sugiri\u00f3 que el gobierno carece de compromiso con transformaciones sociales o econ\u00f3micas significativas. Adem\u00e1s, reproch\u00f3 la relaci\u00f3n de Boric con figuras internacionales pol\u00e9micas, se\u00f1alando espec\u00edficamente la cercan\u00eda con Zelenski.<\/p>\n<p>Art\u00e9s defendi\u00f3 el indulto a Mauricio Hern\u00e1ndez Norambuena, conocido como el \u201cComandante Ramiro\u201d y condenado por el asesinato de Jaime Guzm\u00e1n. &#8220;Est\u00e1 bastante mal de salud y ha habido una negligencia de la propia <a href=\"http:\/\/www.gendarmeria.gob.cl\/\">Gendarmer\u00eda<\/a>&#8220;, afirm\u00f3, subrayando razones humanitarias para su apoyo. El candidato justific\u00f3 esta posici\u00f3n al contextualizar las acciones de Hern\u00e1ndez Norambuena en la lucha pol\u00edtica: &#8220;Indiscutiblemente, es una consecuencia que viene de una lucha que tuvo caracter\u00edsticas armadas&#8221;, dijo, presentando el caso como parte de un conflicto hist\u00f3rico m\u00e1s amplio.<\/p>\n<p>Adem\u00e1s, respald\u00f3 indultar a la mayor\u00eda de los procesados por el estallido social de 2019. &#8220;En este momento habr\u00eda que ver los casos, pero si no a todas, a la gran mayor\u00eda, sin duda alguna&#8221;, expres\u00f3.<\/p>\n","protected":false},"excerpt":{"rendered":"<p>Eduardo Art\u00e9s, candidato presidencial del Partido Comunista Acci\u00f3n Proletaria (PCAP), particip\u00f3 en una reciente entrevista con Tom\u00e1s Mosciatti en el programa De Frente. Durante los casi 40 minutos de conversaci\u00f3n, Art\u00e9s abord\u00f3 temas como su visi\u00f3n del gobierno de Gabriel Boric y critic\u00f3 al Partido Comunista de Chile (PC). Sin embargo, sus declaraciones sobre Corea [&hellip;]<\/p>\n","protected":false},"author":2,"featured_media":17556,"comment_status":"closed","ping_status":"open","sticky":false,"template":"","format":"standard","meta":{"_jetpack_memberships_contains_paid_content":false,"jnews-multi-image_gallery":[],"jnews_single_post":[],"jnews_primary_category":[],"jnews_social_meta":[],"jnews_paywall_metabox":[],"jnews_review":[],"enable_review":"","type":"","name":"","summary":"","brand":"","sku":"","good":[],"bad":[],"score_override":"","override_value":"","rating":[],"price":[],"jnews_override_counter":[],"jnews_post_split":[],"footnotes":""},"categories":[83],"tags":[],"class_list":["post-17557","post","type-post","status-publish","format-standard","has-post-thumbnail","hentry","category-politica"],"jetpack_featured_media_url":"https:\/\/laserenaradio.cl\/web\/wp-content\/uploads\/2025\/07\/homepiaiextractoscrapimg_predeterminadalaserenaradio_politica-10.webp","jetpack_sharing_enabled":true,"_links":{"self":[{"href":"https:\/\/laserenaradio.cl\/web\/wp-json\/wp\/v2\/posts\/17557","targetHints":{"allow":["GET"]}}],"collection":[{"href":"https:\/\/laserenaradio.cl\/web\/wp-json\/wp\/v2\/posts"}],"about":[{"href":"https:\/\/laserenaradio.cl\/web\/wp-json\/wp\/v2\/types\/post"}],"author":[{"embeddable":true,"href":"https:\/\/laserenaradio.cl\/web\/wp-json\/wp\/v2\/users\/2"}],"replies":[{"embeddable":true,"href":"https:\/\/laserenaradio.cl\/web\/wp-json\/wp\/v2\/comments?post=17557"}],"version-history":[{"count":1,"href":"https:\/\/laserenaradio.cl\/web\/wp-json\/wp\/v2\/posts\/17557\/revisions"}],"predecessor-version":[{"id":17558,"href":"https:\/\/laserenaradio.cl\/web\/wp-json\/wp\/v2\/posts\/17557\/revisions\/17558"}],"wp:featuredmedia":[{"embeddable":true,"href":"https:\/\/laserenaradio.cl\/web\/wp-json\/wp\/v2\/media\/17556"}],"wp:attachment":[{"href":"https:\/\/laserenaradio.cl\/web\/wp-json\/wp\/v2\/media?parent=17557"}],"wp:term":[{"taxonomy":"category","embeddable":true,"href":"https:\/\/laserenaradio.cl\/web\/wp-json\/wp\/v2\/categories?post=17557"},{"taxonomy":"post_tag","embeddable":true,"href":"https:\/\/laserenaradio.cl\/web\/wp-json\/wp\/v2\/tags?post=17557"}],"curies":[{"name":"wp","href":"https:\/\/api.w.org\/{rel}","templated":true}]}}